{"id":99567,"date":"2012-06-19T00:10:17","date_gmt":"2012-06-19T00:10:17","guid":{"rendered":"http:\/\/www.fuldaer-nachrichten.de\/?p=99567"},"modified":"2012-06-19T07:05:23","modified_gmt":"2012-06-19T07:05:23","slug":"parkplatz-flohmarkt-der-mutze-am-kommenden-samstag","status":"publish","type":"post","link":"https:\/\/www.fuldaernachrichten.de\/?p=99567","title":{"rendered":"Parkplatz-Flohmarkt der M\u00dcTZE am kommenden Samstag"},"content":{"rendered":"<p>Fulda. Der F\u00f6rderverein der Bildungs- und Begegnungsst\u00e4tte M\u00fctterzentrum Fulda e. V. veranstaltet am Samstag, 23.06.12 in der Zeit von 10.00 \u2013 15.00 Uhr einen Parkplatz-Flohmarkt im Gallasiniring 8, in Fulda. Angeboten werden Haushaltsartikel, B\u00fccher, Kinderbekleidung, Spielsachen, Fahrradsitze, Regale, M\u00f6bel und jede Menge mehr. F\u00fcr das leibliche Wohl ist mit Kaffee, Kuchen, Getr\u00e4nken und W\u00fcrstchen gesorgt. Der Erl\u00f6s kommt der Arbeit des M\u00fctterzentrums zu Gute. Weitere Informationen unter Tel. 0661\/8050, Mo. \u2013 Fr. in der Zeit von 9.00 \u2013 12.30 Uhr.<\/p>\n","protected":false},"excerpt":{"rendered":"<div class=\"tmnf_excerpt\"><p>Fulda. Der F\u00f6rderverein der Bildungs- und Begegnungsst\u00e4tte M\u00fctterzentrum Fulda e. V. veranstaltet am Samstag, 23.06.12 in der Zeit von 10.00 \u2013 15.00 Uhr einen Parkplatz-Flohmarkt im Gallasiniring 8, in Fulda. Angeboten werden Haushaltsartikel, B\u00fccher, Kinderbekleidung, Spielsachen, Fahrradsitze, Regale, M\u00f6bel und jede Menge mehr. F\u00fcr das leibliche Wohl ist mit Kaffee, Kuchen, Getr\u00e4nken und W\u00fcrstchen gesorgt. &hellip;<\/p>\n<\/div>","protected":false},"author":1,"featured_media":0,"comment_status":"closed","ping_status":"closed","sticky":false,"template":"","format":"standard","meta":{"footnotes":""},"categories":[1,72,44],"tags":[],"class_list":["post-99567","post","type-post","status-publish","format-standard","hentry","category-startseite","category-jugend","category-kultur"],"_links":{"self":[{"href":"https:\/\/www.fuldaernachrichten.de\/index.php?rest_route=\/wp\/v2\/posts\/99567","targetHints":{"allow":["GET"]}}],"collection":[{"href":"https:\/\/www.fuldaernachrichten.de\/index.php?rest_route=\/wp\/v2\/posts"}],"about":[{"href":"https:\/\/www.fuldaernachrichten.de\/index.php?rest_route=\/wp\/v2\/types\/post"}],"author":[{"embeddable":true,"href":"https:\/\/www.fuldaernachrichten.de\/index.php?rest_route=\/wp\/v2\/users\/1"}],"replies":[{"embeddable":true,"href":"https:\/\/www.fuldaernachrichten.de\/index.php?rest_route=%2Fwp%2Fv2%2Fcomments&post=99567"}],"version-history":[{"count":0,"href":"https:\/\/www.fuldaernachrichten.de\/index.php?rest_route=\/wp\/v2\/posts\/99567\/revisions"}],"wp:attachment":[{"href":"https:\/\/www.fuldaernachrichten.de\/index.php?rest_route=%2Fwp%2Fv2%2Fmedia&parent=99567"}],"wp:term":[{"taxonomy":"category","embeddable":true,"href":"https:\/\/www.fuldaernachrichten.de\/index.php?rest_route=%2Fwp%2Fv2%2Fcategories&post=99567"},{"taxonomy":"post_tag","embeddable":true,"href":"https:\/\/www.fuldaernachrichten.de\/index.php?rest_route=%2Fwp%2Fv2%2Ftags&post=99567"}],"curies":[{"name":"wp","href":"https:\/\/api.w.org\/{rel}","templated":true}]}}