{"id":99564,"date":"2012-06-18T00:54:46","date_gmt":"2012-06-18T00:54:46","guid":{"rendered":"http:\/\/www.fuldaer-nachrichten.de\/?p=99564"},"modified":"2012-06-18T13:56:47","modified_gmt":"2012-06-18T13:56:47","slug":"kulturtagung-des-bundes-der-wolgadeutschen-landesbeauftragte-ziegler-raschdorf-wurdigt-die-integrations-und-kulturarbeit","status":"publish","type":"post","link":"https:\/\/www.fuldaernachrichten.de\/?p=99564","title":{"rendered":"Kulturtagung des Bundes der Wolgadeutschen: Landesbeauftragte Ziegler-Raschdorf w\u00fcrdigt die Integrations- und Kulturarbeit"},"content":{"rendered":"<p><a href=\"http:\/\/www.fuldaer-nachrichten.de\/wp-content\/uploads\/2012\/06\/2012_06_18_KulturtagungBundderWolgadeutschen_IMG_8114-2.jpg\"><img decoding=\"async\" class=\"alignleft size-thumbnail wp-image-99565\" title=\"2012_06_18_KulturtagungBundderWolgadeutschen_IMG_8114-(2)\" src=\"http:\/\/www.fuldaer-nachrichten.de\/wp-content\/uploads\/2012\/06\/2012_06_18_KulturtagungBundderWolgadeutschen_IMG_8114-2-265x111.jpg\" alt=\"\" width=\"265\" height=\"111\" srcset=\"https:\/\/www.fuldaernachrichten.de\/wp-content\/uploads\/2012\/06\/2012_06_18_KulturtagungBundderWolgadeutschen_IMG_8114-2-265x111.jpg 265w, https:\/\/www.fuldaernachrichten.de\/wp-content\/uploads\/2012\/06\/2012_06_18_KulturtagungBundderWolgadeutschen_IMG_8114-2.jpg 592w\" sizes=\"(max-width: 265px) 100vw, 265px\" \/><\/a>Kassel. Der Bund der Wolgadeutschen hat im Philipp-Scheidemann-Haus in Kassel seine diesj\u00e4hrige Kulturtagung unter dem Motto &#8220;Das Wohl empfinden in der neugewonnenen Heimat&#8221; durchgef\u00fchrt. Die Landesbeauftragte der Hessischen Landesregierung f\u00fcr Heimatvertriebene und Sp\u00e4taussiedler, Margarete Ziegler-Raschdorf bekr\u00e4ftigte in ihrem Gru\u00dfwort ihre Verbundenheit mit dem Bund der Wolgadeutschen und \u00fcberbrachte die Gr\u00fc\u00dfe der Hessischen Landesregierung.<!--more--><br \/>\n&#8220;F\u00fcr ihr Engagement bei der Integrations- und Kulturarbeit spreche ich Ihnen den Dank und die Anerkennung der Hessischen Landesregierung aus, die das Ehrenamt in besonderer Weise w\u00fcrdigt. Diesen Dank richte ich an Sie alle, ganz besonders an ihre Vorsitzende Ida Sch\u00e4fer. Als Landesbeauftragte der Hessischen Landesregierung f\u00fcr Heimatvertriebene und Sp\u00e4taussiedler freue ich mich \u00fcber unsere guten Kontakte und danke Ihnen f\u00fcr die offene und partnerschaftliche Zusammenarbeit&#8221;, so Frau Margarete Ziegler-Raschdorf.<\/p>\n<p>In ihrem Gru\u00dfwort ging die Landesbeauftragte auf die in \u00c2\u00a7 96 des Bundesvertriebenengesetzes festgeschriebene Verpflichtung aller staatlichen Ebenen zur Unterst\u00fctzung, Pflege, F\u00f6rderung und Weiterentwicklung des Kulturgutes der Vertreibungsgebiete ein. Diese Punkte geh\u00f6rten zu ihrem Aufgabengebiet und die Unterst\u00fctzung der diesj\u00e4hrigen Kulturtagung des Bundes der Wolgadeutschen sei eindeutig ein Teil dieser Aufgabe.<\/p>\n<p>Frau Ziegler-Raschdorf hob die Vielzahl der kulturellen Programmpunkte innerhalb der Kulturtagung hervor, die sie beeindruckt habe. Eine Besonderheit dieser Veranstaltung sei an diesem Abend die Ehrung von Deutschen aus Russland, die seit 10, 20, 30 oder 40 Jahren in Deutschland sind, sich selbst hervorragend integriert haben und sich auch f\u00fcr die Integration ihrer Landsleute einsetzten. &#8220;Diese Menschen sind eine Bereicherung f\u00fcr unsere Gesellschaft, denn sie sind Vorbild und Anregung f\u00fcr andere Deutschst\u00e4mmige, die aus dem russischen Herkunftsgebiet zu uns kommen. Ich gratuliere allen Geehrten und ihren Familien herzlich zu der verdienten Anerkennung! Die Ehrung ist eine gute Idee, die Nachahmung verdient hat&#8221;, so die Landesbeauftragte. Im Anschluss schilderten die Geehrten in einigen Worten ihren jeweiligen pers\u00f6nlichen Weg bei der Ankunft und Eingliederung in Deutschland.<\/p>\n<p>Frau Ziegler-Raschdorf ging weiter auf die Leistungen f\u00fcr Sp\u00e4taussiedler in Hessen ein und nannte die Funktion der Landesbeauftragten, den Unterausschuss des Hessischen Landtags f\u00fcr Heimatvertriebene, Aussiedler, Fl\u00fcchtlinge und Wiedergutmachung sowie den Landesbeirat f\u00fcr Vertriebenen-, Fl\u00fcchtlings- und Sp\u00e4taussiedlerfragen. Das Landesprogramm &#8220;F\u00f6rderung von Integrationsma\u00dfnahmen mit dem Ziel der nachholenden Integration&#8221; sei ebenso einzigartig wie die Hessische F\u00f6rdereinrichtung f\u00fcr junge Zugewanderte in Hasselroth und das Nachqualifizierungsprojekt f\u00fcr arbeitslose Lehrerinnen und Lehrer unter den Sp\u00e4taussiedlern in Hessen. Weiter befasste sie sich mit der neuen H\u00e4rtefallregelung im Bundesvertriebenengesetz und dem Gesetz zur Anerkennung ausl\u00e4ndische Berufsabschl\u00fcsse.<\/p>\n<p>&#8220;Ich w\u00fcnsche dem Bund der Wolgadeutschen f\u00fcr die Zukunft weiter Erfolg bei seiner wichtigen Arbeit, Gottes reichen Segen und Ihnen und uns allen noch viel Freude bei der heutigen Kulturtagung&#8221;, so die Landesbeauftragte abschlie\u00dfend.<\/p>\n<p>Foto: Nach der Kulturtagung von rechts: Ehepaar Natalie und Waldemar Bauer, Frau Stadtverordnete Esther Kalveram, Herr stellvertretender Bundesvorsitzender David Lehmann, Frau Landesbeauftragte Margarete Ziegler-Raschdorf, Herr Uwe Frankenberger, MdL, Herr Wolfgang Decker, Ehepaar Elena und Waldemar Freund, und Frau Tatjana Maurer<\/p>\n","protected":false},"excerpt":{"rendered":"<div class=\"tmnf_excerpt\"><p>Kassel. Der Bund der Wolgadeutschen hat im Philipp-Scheidemann-Haus in Kassel seine diesj\u00e4hrige Kulturtagung unter dem Motto &#8220;Das Wohl empfinden in der neugewonnenen Heimat&#8221; durchgef\u00fchrt. Die Landesbeauftragte der Hessischen Landesregierung f\u00fcr Heimatvertriebene und Sp\u00e4taussiedler, Margarete Ziegler-Raschdorf bekr\u00e4ftigte in ihrem Gru\u00dfwort ihre Verbundenheit mit dem Bund der Wolgadeutschen und \u00fcberbrachte die Gr\u00fc\u00dfe der Hessischen Landesregierung.<\/p>\n<\/div>","protected":false},"author":1,"featured_media":0,"comment_status":"closed","ping_status":"closed","sticky":false,"template":"","format":"standard","meta":{"footnotes":""},"categories":[1,29],"tags":[],"class_list":["post-99564","post","type-post","status-publish","format-standard","hentry","category-startseite","category-politik"],"_links":{"self":[{"href":"https:\/\/www.fuldaernachrichten.de\/index.php?rest_route=\/wp\/v2\/posts\/99564","targetHints":{"allow":["GET"]}}],"collection":[{"href":"https:\/\/www.fuldaernachrichten.de\/index.php?rest_route=\/wp\/v2\/posts"}],"about":[{"href":"https:\/\/www.fuldaernachrichten.de\/index.php?rest_route=\/wp\/v2\/types\/post"}],"author":[{"embeddable":true,"href":"https:\/\/www.fuldaernachrichten.de\/index.php?rest_route=\/wp\/v2\/users\/1"}],"replies":[{"embeddable":true,"href":"https:\/\/www.fuldaernachrichten.de\/index.php?rest_route=%2Fwp%2Fv2%2Fcomments&post=99564"}],"version-history":[{"count":1,"href":"https:\/\/www.fuldaernachrichten.de\/index.php?rest_route=\/wp\/v2\/posts\/99564\/revisions"}],"predecessor-version":[{"id":99566,"href":"https:\/\/www.fuldaernachrichten.de\/index.php?rest_route=\/wp\/v2\/posts\/99564\/revisions\/99566"}],"wp:attachment":[{"href":"https:\/\/www.fuldaernachrichten.de\/index.php?rest_route=%2Fwp%2Fv2%2Fmedia&parent=99564"}],"wp:term":[{"taxonomy":"category","embeddable":true,"href":"https:\/\/www.fuldaernachrichten.de\/index.php?rest_route=%2Fwp%2Fv2%2Fcategories&post=99564"},{"taxonomy":"post_tag","embeddable":true,"href":"https:\/\/www.fuldaernachrichten.de\/index.php?rest_route=%2Fwp%2Fv2%2Ftags&post=99564"}],"curies":[{"name":"wp","href":"https:\/\/api.w.org\/{rel}","templated":true}]}}