{"id":99562,"date":"2012-06-18T13:54:30","date_gmt":"2012-06-18T13:54:30","guid":{"rendered":"http:\/\/www.fuldaer-nachrichten.de\/?p=99562"},"modified":"2012-06-18T13:58:35","modified_gmt":"2012-06-18T13:58:35","slug":"theaterstuck-fur-kinder-ab-4-5-jahren-im-fuldaer-schlosshof-pippi-auf-den-7-meeren","status":"publish","type":"post","link":"https:\/\/www.fuldaernachrichten.de\/?p=99562","title":{"rendered":"Theaterst\u00fcck f\u00fcr Kinder ab 4-5 Jahren im Fuldaer Schlosshof: PIPPI AUF DEN 7 MEEREN"},"content":{"rendered":"<p><a href=\"http:\/\/www.fuldaer-nachrichten.de\/wp-content\/uploads\/2012\/06\/120618_Pippi7_Pressefoto.jpg\"><img fetchpriority=\"high\" decoding=\"async\" class=\"alignleft size-thumbnail wp-image-99563\" title=\"120618_Pippi7_Pressefoto\" src=\"http:\/\/www.fuldaer-nachrichten.de\/wp-content\/uploads\/2012\/06\/120618_Pippi7_Pressefoto-265x398.jpg\" alt=\"\" width=\"265\" height=\"398\" srcset=\"https:\/\/www.fuldaernachrichten.de\/wp-content\/uploads\/2012\/06\/120618_Pippi7_Pressefoto-265x398.jpg 265w, https:\/\/www.fuldaernachrichten.de\/wp-content\/uploads\/2012\/06\/120618_Pippi7_Pressefoto-176x265.jpg 176w, https:\/\/www.fuldaernachrichten.de\/wp-content\/uploads\/2012\/06\/120618_Pippi7_Pressefoto-399x600.jpg 399w, https:\/\/www.fuldaernachrichten.de\/wp-content\/uploads\/2012\/06\/120618_Pippi7_Pressefoto.jpg 532w\" sizes=\"(max-width: 265px) 100vw, 265px\" \/><\/a>Fulda (cp). Pippilotta Viktualia Rollgardina Pfefferminz Efraimstochter Langstrumpf zieht nach langer Seefahrt mit ihren Pferd und dem Affen Herr Nilsson in die Villa Kunterbunt ein. Dar\u00fcber freuen sich die braven Geschwister Annika und Thomas, denn Pippi ist superstark, herrlich unerzogen und l\u00fcgt ganz wundervoll. Pippis Mutter starb, als sie noch ganz klein war und ihr Vater, ein Kapit\u00e4n, ist fast immer unterwegs und segelt \u00fcber die gro\u00dfen Meere.<br \/>\nPippi soll auf Tommy und Annika aufpassen, w\u00e4hrend deren Eltern im Urlaub sind &#8211; eine leichte \u00dcbung f\u00fcr das st\u00e4rkste M\u00e4dchen der Welt. Doch dann erreicht die drei \u00fcber Flaschenpost eine schreckliche Nachricht: Pippis Vater wird von Piraten gefangen gehalten! Die Freunde starten sofort eine waghalsige Rettungsaktion: Sie fliegen in Pippis Hei\u00dfluftballon-Bett los in Richtung S\u00fcdsee, wo sie es mit einer ganzen Piratenstadt aufnehmen m\u00fcssen, um Kapit\u00e4n Langstrumpf zu befreien.<!--more--><\/p>\n<p>Das &#8220;Theater auf Tour&#8221; zeigt das Abenteuer nach dem gleichnamigen Film f\u00fcr Kinder ab 4-5 Jahren am Sonntag, den 19. August 2012, 15.00 Uhr open-air im Fuldaer Schlosshof. Karten im Vorverkauf erhalten Sie im B\u00fcrgerb\u00fcro der Stadt Fulda oder bei der Fuldaer Zeitung (Peterstor). Bei ung\u00fcnstigen Witterungsbedingungen kann die Veranstaltung in den Festsaal der Orangerie verlegt werden.<\/p>\n","protected":false},"excerpt":{"rendered":"<div class=\"tmnf_excerpt\"><p>Fulda (cp). Pippilotta Viktualia Rollgardina Pfefferminz Efraimstochter Langstrumpf zieht nach langer Seefahrt mit ihren Pferd und dem Affen Herr Nilsson in die Villa Kunterbunt ein. Dar\u00fcber freuen sich die braven Geschwister Annika und Thomas, denn Pippi ist superstark, herrlich unerzogen und l\u00fcgt ganz wundervoll. Pippis Mutter starb, als sie noch ganz klein war und ihr &hellip;<\/p>\n<\/div>","protected":false},"author":1,"featured_media":0,"comment_status":"closed","ping_status":"closed","sticky":false,"template":"","format":"standard","meta":{"footnotes":""},"categories":[1,44],"tags":[],"class_list":["post-99562","post","type-post","status-publish","format-standard","hentry","category-startseite","category-kultur"],"_links":{"self":[{"href":"https:\/\/www.fuldaernachrichten.de\/index.php?rest_route=\/wp\/v2\/posts\/99562","targetHints":{"allow":["GET"]}}],"collection":[{"href":"https:\/\/www.fuldaernachrichten.de\/index.php?rest_route=\/wp\/v2\/posts"}],"about":[{"href":"https:\/\/www.fuldaernachrichten.de\/index.php?rest_route=\/wp\/v2\/types\/post"}],"author":[{"embeddable":true,"href":"https:\/\/www.fuldaernachrichten.de\/index.php?rest_route=\/wp\/v2\/users\/1"}],"replies":[{"embeddable":true,"href":"https:\/\/www.fuldaernachrichten.de\/index.php?rest_route=%2Fwp%2Fv2%2Fcomments&post=99562"}],"version-history":[{"count":0,"href":"https:\/\/www.fuldaernachrichten.de\/index.php?rest_route=\/wp\/v2\/posts\/99562\/revisions"}],"wp:attachment":[{"href":"https:\/\/www.fuldaernachrichten.de\/index.php?rest_route=%2Fwp%2Fv2%2Fmedia&parent=99562"}],"wp:term":[{"taxonomy":"category","embeddable":true,"href":"https:\/\/www.fuldaernachrichten.de\/index.php?rest_route=%2Fwp%2Fv2%2Fcategories&post=99562"},{"taxonomy":"post_tag","embeddable":true,"href":"https:\/\/www.fuldaernachrichten.de\/index.php?rest_route=%2Fwp%2Fv2%2Ftags&post=99562"}],"curies":[{"name":"wp","href":"https:\/\/api.w.org\/{rel}","templated":true}]}}