{"id":99559,"date":"2012-06-18T13:49:54","date_gmt":"2012-06-18T13:49:54","guid":{"rendered":"http:\/\/www.fuldaer-nachrichten.de\/?p=99559"},"modified":"2012-06-18T13:49:54","modified_gmt":"2012-06-18T13:49:54","slug":"musikalischer-brunch-im-kurpark-bad-salzhausen-konzert-der-extraklasse-mit-spitzenchoren","status":"publish","type":"post","link":"https:\/\/www.fuldaernachrichten.de\/?p=99559","title":{"rendered":"Musikalischer Brunch im Kurpark Bad Salzhausen &#8211; Konzert der Extraklasse mit Spitzench\u00f6ren"},"content":{"rendered":"<p>Bad Salzhausen. Vom 22.06.-24.06.2012 findet nun schon zum 3. Mal das oberhessische Kinder- und Jugendchorfestival in Bad Salzhausen statt. Den Veranstaltern vom F\u00f6rderkreis des Festivals ist es dieses Jahr gelungen, f\u00fcr den sp\u00e4ten Sonntag Vormittag, quasi als \u201eVorprogramm\u201c zum grossen Abschlusskonzert der Kinder und Jugendlichen, 3 der besten Ch\u00f6re der Region zu gewinnen.<!--more--><\/p>\n<p>Das Vokalensemble <strong>\u201eJunge Vocalisten\u201c<\/strong> aus Alsfeld reist mit seiner Leiterin Sabine Spahn an und wird St\u00fccke seines breitgef\u00e4cherten Repertoires zur Auff\u00fchrung bringen. Das Repertoire des Vokalensembles umfasst Werke alter Meister der Vokalpolyphonie bis hin zu zeitgen\u00f6ssischen Werken von Strohbach, Nystedt oder Kverno, sowie Pop- und Jazzmusik. Auf dem Konzertprogramm beim Kinder- und Jugendchorfestival stehen St\u00fccke aus dem Bereich Popmusik. Das Ensemble, das schnell \u00fcber die heimischen Grenzenbekannt wurde, wurde 1999 gegr\u00fcndet und besteht aus 18 musikbegeisterten S\u00e4ngerinnen und S\u00e4ngern. In den Jahren 2005 und 2008 erreichte das Vokalensemble jeweils den 1. Platz beim hessischen Chorfestival in der Kategorie Vokalensembles und ist Preistr\u00e4ger des Hessischen Chorfestivals 2005.<\/p>\n<p>Ein weiteres Ensemble der Extraklasse sind die \u201eLokalmatadore\u201c <strong>ConTakt<\/strong>. Diese Gruppe unter der Leitung von Kantorin Daniela Brinkmann aus Nidda besch\u00e4ftigt sich seit Jahren mit anspruchsvoller Chormusik aller Stilrichtungen. 12 S\u00e4ngerinnen und S\u00e4nger aus der Niddaer Region musizieren leidenschaftlich auf semiprofessionellem Niveau. Seit ca 2 Jahren legen sie ihren musikalischen Schwerpunkt auf moderne Jazz- und Pop Arrangements. Im Moment befinden sie sich in der Aufbauphase eines neuen Programms unter Mitwirkung zweier neuer S\u00e4nger. Im Kurpark werden Teile dieses Programms zu h\u00f6ren sein. Wir sind schon neugierig!<\/p>\n<p>Als 3. Chor an diesem Sonntag werden die <strong>\u201eKlangfarben Gie\u00dfen\u201c<\/strong> zu h\u00f6ren sein. Dieser aus 30 S\u00e4ngerinnen und S\u00e4ngern bestehender Chor ist weit \u00fcber die Grenzen Hessens hinaus bekannt.<\/p>\n<p>In den letzten Jahren ist er mehrfacher Sieger der Kammerchorklasse des hessischen Chorwettbewerbs und hat auch Hessen beim Deutschen Chorwettbewerb bestens vertreten. Der Chor steht unter der Leitung von Uwe Maibaum und besticht auch durch seine gro\u00dfe musikalische Vielf\u00e4ltigkeit, die er nicht zuletzt in aussergew\u00f6hnlichen Konzertprogrammen unter Bewei\u00df stellt. Besonders mit zeitgen\u00f6ssischer Chormusik aus den unterschiedlichsten Sprachr\u00e4umen begeistern die Klangfarben immer wieder ihre Zuh\u00f6rer.<\/p>\n<p>Ab 11.30 Uhr kann man im Kurpark an der Trinkkurhalle diesen Ch\u00f6ren lauschen und sich aus der Feldk\u00fcche des Festivals kulinarisch verw\u00f6hnen lassen. Im Anschlu\u00df findet ab 14.30 Uhr die Pr\u00e4sentation der Workshops des Kinder- und Jugendchorfestivals statt. Bei Regen findet die Veranstaltung im Kursaal statt und beginnt erst um 12.30 Uhr.<\/p>\n<p>Der Eintritt zu allen Veranstaltungen am Sonntag ist frei. Um eine Spende f\u00fcr die Arbeit des F\u00f6rdervereins wird gebeten.<\/p>\n<p>&nbsp;<\/p>\n","protected":false},"excerpt":{"rendered":"<div class=\"tmnf_excerpt\"><p>Bad Salzhausen. Vom 22.06.-24.06.2012 findet nun schon zum 3. Mal das oberhessische Kinder- und Jugendchorfestival in Bad Salzhausen statt. Den Veranstaltern vom F\u00f6rderkreis des Festivals ist es dieses Jahr gelungen, f\u00fcr den sp\u00e4ten Sonntag Vormittag, quasi als \u201eVorprogramm\u201c zum grossen Abschlusskonzert der Kinder und Jugendlichen, 3 der besten Ch\u00f6re der Region zu gewinnen.<\/p>\n<\/div>","protected":false},"author":1,"featured_media":0,"comment_status":"closed","ping_status":"closed","sticky":false,"template":"","format":"standard","meta":{"footnotes":""},"categories":[1,44],"tags":[],"class_list":["post-99559","post","type-post","status-publish","format-standard","hentry","category-startseite","category-kultur"],"_links":{"self":[{"href":"https:\/\/www.fuldaernachrichten.de\/index.php?rest_route=\/wp\/v2\/posts\/99559","targetHints":{"allow":["GET"]}}],"collection":[{"href":"https:\/\/www.fuldaernachrichten.de\/index.php?rest_route=\/wp\/v2\/posts"}],"about":[{"href":"https:\/\/www.fuldaernachrichten.de\/index.php?rest_route=\/wp\/v2\/types\/post"}],"author":[{"embeddable":true,"href":"https:\/\/www.fuldaernachrichten.de\/index.php?rest_route=\/wp\/v2\/users\/1"}],"replies":[{"embeddable":true,"href":"https:\/\/www.fuldaernachrichten.de\/index.php?rest_route=%2Fwp%2Fv2%2Fcomments&post=99559"}],"version-history":[{"count":0,"href":"https:\/\/www.fuldaernachrichten.de\/index.php?rest_route=\/wp\/v2\/posts\/99559\/revisions"}],"wp:attachment":[{"href":"https:\/\/www.fuldaernachrichten.de\/index.php?rest_route=%2Fwp%2Fv2%2Fmedia&parent=99559"}],"wp:term":[{"taxonomy":"category","embeddable":true,"href":"https:\/\/www.fuldaernachrichten.de\/index.php?rest_route=%2Fwp%2Fv2%2Fcategories&post=99559"},{"taxonomy":"post_tag","embeddable":true,"href":"https:\/\/www.fuldaernachrichten.de\/index.php?rest_route=%2Fwp%2Fv2%2Ftags&post=99559"}],"curies":[{"name":"wp","href":"https:\/\/api.w.org\/{rel}","templated":true}]}}