{"id":99557,"date":"2012-06-18T13:46:29","date_gmt":"2012-06-18T13:46:29","guid":{"rendered":"http:\/\/www.fuldaer-nachrichten.de\/?p=99557"},"modified":"2012-06-18T13:46:29","modified_gmt":"2012-06-18T13:46:29","slug":"hessische-mit-auf-dem-cdu-landesparteitag-erfolgreich","status":"publish","type":"post","link":"https:\/\/www.fuldaernachrichten.de\/?p=99557","title":{"rendered":"Hessische MIT auf dem CDU-Landesparteitag erfolgreich"},"content":{"rendered":"<p>Fulda. Die Hessische Mittelstands- und Wirtschaftsvereinigung war auf dem Landesparteitag der CDU Hessen in Darmstadt mit einer Initiative zur Entb\u00fcrokratisierung erfolgreich. Der Landesparteitrag beschloss auf Anregung der MIT, die Landesregierung zu bitten, im Bundesrat f\u00fcr eine Reduzierung von Aufbewahrungsfristen von Rechnungen und Belegen im Steuer-, Sozial- und Handelsrecht einzutreten.<!--more--><br \/>\nZur Begr\u00fcndung erkl\u00e4rte MIT-Landesvorsitzender Frank Hartmann, die bisherigen Grenzen von zehn Jahren seien zu lang und verursachten einen enormen Aufwand und damit Kosten.<br \/>\nEine Halbierung der Aufbewahrungsfristen von zehn auf f\u00fcnf Jahre, wie sie die MIT fordere, f\u00fchre zu einer Entlastung der Betriebe und Freiberufler von gesch\u00e4tzten 4 Mrd. EURO.<\/p>\n<p>Neben dieser finanziellen Einsparung habe der Antrag auch eine hohe Symbolkraft. Denn die Betriebe und Freiberufler sp\u00fcren, dass die CDU es ernst meine mit der Entb\u00fcrokratisierung. Durch den Beschluss auf der Parteitag werde deutlich, dass die CDU Hessen ein offenes Wort f\u00fcr die Belange des Mittelstandes habe.<\/p>\n","protected":false},"excerpt":{"rendered":"<div class=\"tmnf_excerpt\"><p>Fulda. Die Hessische Mittelstands- und Wirtschaftsvereinigung war auf dem Landesparteitag der CDU Hessen in Darmstadt mit einer Initiative zur Entb\u00fcrokratisierung erfolgreich. Der Landesparteitrag beschloss auf Anregung der MIT, die Landesregierung zu bitten, im Bundesrat f\u00fcr eine Reduzierung von Aufbewahrungsfristen von Rechnungen und Belegen im Steuer-, Sozial- und Handelsrecht einzutreten.<\/p>\n<\/div>","protected":false},"author":1,"featured_media":0,"comment_status":"closed","ping_status":"closed","sticky":false,"template":"","format":"standard","meta":{"footnotes":""},"categories":[1,29],"tags":[],"class_list":["post-99557","post","type-post","status-publish","format-standard","hentry","category-startseite","category-politik"],"_links":{"self":[{"href":"https:\/\/www.fuldaernachrichten.de\/index.php?rest_route=\/wp\/v2\/posts\/99557","targetHints":{"allow":["GET"]}}],"collection":[{"href":"https:\/\/www.fuldaernachrichten.de\/index.php?rest_route=\/wp\/v2\/posts"}],"about":[{"href":"https:\/\/www.fuldaernachrichten.de\/index.php?rest_route=\/wp\/v2\/types\/post"}],"author":[{"embeddable":true,"href":"https:\/\/www.fuldaernachrichten.de\/index.php?rest_route=\/wp\/v2\/users\/1"}],"replies":[{"embeddable":true,"href":"https:\/\/www.fuldaernachrichten.de\/index.php?rest_route=%2Fwp%2Fv2%2Fcomments&post=99557"}],"version-history":[{"count":1,"href":"https:\/\/www.fuldaernachrichten.de\/index.php?rest_route=\/wp\/v2\/posts\/99557\/revisions"}],"predecessor-version":[{"id":99558,"href":"https:\/\/www.fuldaernachrichten.de\/index.php?rest_route=\/wp\/v2\/posts\/99557\/revisions\/99558"}],"wp:attachment":[{"href":"https:\/\/www.fuldaernachrichten.de\/index.php?rest_route=%2Fwp%2Fv2%2Fmedia&parent=99557"}],"wp:term":[{"taxonomy":"category","embeddable":true,"href":"https:\/\/www.fuldaernachrichten.de\/index.php?rest_route=%2Fwp%2Fv2%2Fcategories&post=99557"},{"taxonomy":"post_tag","embeddable":true,"href":"https:\/\/www.fuldaernachrichten.de\/index.php?rest_route=%2Fwp%2Fv2%2Ftags&post=99557"}],"curies":[{"name":"wp","href":"https:\/\/api.w.org\/{rel}","templated":true}]}}