{"id":99543,"date":"2012-06-18T00:14:27","date_gmt":"2012-06-18T00:14:27","guid":{"rendered":"http:\/\/www.fuldaer-nachrichten.de\/?p=99543"},"modified":"2012-06-18T07:15:21","modified_gmt":"2012-06-18T07:15:21","slug":"marathonpfarrer-lauft-55-km","status":"publish","type":"post","link":"https:\/\/www.fuldaernachrichten.de\/?p=99543","title":{"rendered":"Marathonpfarrer Stefan B\u00fcrger l\u00e4uft 55 km"},"content":{"rendered":"<p><a href=\"http:\/\/www.fuldaer-nachrichten.de\/wp-content\/uploads\/2012\/06\/120618_Spiekeroog_mit_Pfr._Schneider_k.jpg\"><img decoding=\"async\" class=\"alignleft size-thumbnail wp-image-99544\" title=\"120618_Spiekeroog_mit_Pfr._Schneider_k\" src=\"http:\/\/www.fuldaer-nachrichten.de\/wp-content\/uploads\/2012\/06\/120618_Spiekeroog_mit_Pfr._Schneider_k-265x123.jpg\" alt=\"\" width=\"265\" height=\"123\" srcset=\"https:\/\/www.fuldaernachrichten.de\/wp-content\/uploads\/2012\/06\/120618_Spiekeroog_mit_Pfr._Schneider_k-265x123.jpg 265w, https:\/\/www.fuldaernachrichten.de\/wp-content\/uploads\/2012\/06\/120618_Spiekeroog_mit_Pfr._Schneider_k.jpg 592w\" sizes=\"(max-width: 265px) 100vw, 265px\" \/><\/a>Fulda. &#8220;55 km waren schon eine Herausforderung. Wenn man sie allerdings in f\u00fcnf Etappen einteilt, durchaus reizvoll und zu bew\u00e4ltigen&#8221;, erz\u00e4hlt Pfarrer Stefan B\u00fcrger aus der Fuldaer Kreuzkirche. Gerade nahm er an mehreren Etappen des Nordseelaufes teil, der in 2012 zum elften Mal ausgetragen wurde.<br \/>\n<!--more--><br \/>\nJeden Tag stand eine andere ostfriesische Nordseeinsel auf dem Programm: Spiekeroog, Wangerooge, Baltrum, Juist und Norderney, einmal durch D\u00fcnen, dann auf der Strandpromenade, manchmal sogar im Sand, mit oder gegen den Wind. Mitorganisator der Laufserie mit insgesamt acht L\u00e4ufen, mit jeweils rund 500-600 Teilnehmenden, war die &#8220;Kirche im Tourismus&#8221; der Hannoverschen Evangelischen Kirche mit Pfarrer Hartmut Schneider. \u00dcber die Kirche sei auch B\u00fcrger auf die Laufserie aufmerksam geworden und hielt &#8211; trotz Urlaub &#8211; eine l\u00e4uferische Kurzandacht auf Baltrum.<\/p>\n<p>&#8220;Solch eine &#8216;Kanzel&#8217; mitten auf dem Marktplatz einer Insel hatte ich noch nie&#8221;, berichtet der Pfarrer begeistert. Passen tue das nat\u00fcrlich, da er ja selbst gerade wegen des Erweiterungsbaus der Kreuzkirche keine eigene Kanzel habe. Und doch bestanden diese Lauftage aus viel Entspannung, waren doch die L\u00e4ufe jeweils nur zwischen 9,5 und 12 km lang. Gut wenn man 55 km in Etappen und nicht am St\u00fcck zu laufen habe. Denn das w\u00e4re selbst f\u00fcr einen Marathonpfarrer zu viel. (<a href=\"http:\/\/www.nordseelauf.de\" target=\"_blank\">www.nordseelauf.de<\/a>&lt;<a href=\"http:\/\/www.nordseelauf.de\" target=\"_blank\">http:\/\/www.nordseelauf.de<\/a>&gt;)<\/p>\n","protected":false},"excerpt":{"rendered":"<div class=\"tmnf_excerpt\"><p>Fulda. &#8220;55 km waren schon eine Herausforderung. Wenn man sie allerdings in f\u00fcnf Etappen einteilt, durchaus reizvoll und zu bew\u00e4ltigen&#8221;, erz\u00e4hlt Pfarrer Stefan B\u00fcrger aus der Fuldaer Kreuzkirche. Gerade nahm er an mehreren Etappen des Nordseelaufes teil, der in 2012 zum elften Mal ausgetragen wurde.<\/p>\n<\/div>","protected":false},"author":1,"featured_media":0,"comment_status":"closed","ping_status":"closed","sticky":false,"template":"","format":"standard","meta":{"footnotes":""},"categories":[1,50],"tags":[],"class_list":["post-99543","post","type-post","status-publish","format-standard","hentry","category-startseite","category-kirche"],"_links":{"self":[{"href":"https:\/\/www.fuldaernachrichten.de\/index.php?rest_route=\/wp\/v2\/posts\/99543","targetHints":{"allow":["GET"]}}],"collection":[{"href":"https:\/\/www.fuldaernachrichten.de\/index.php?rest_route=\/wp\/v2\/posts"}],"about":[{"href":"https:\/\/www.fuldaernachrichten.de\/index.php?rest_route=\/wp\/v2\/types\/post"}],"author":[{"embeddable":true,"href":"https:\/\/www.fuldaernachrichten.de\/index.php?rest_route=\/wp\/v2\/users\/1"}],"replies":[{"embeddable":true,"href":"https:\/\/www.fuldaernachrichten.de\/index.php?rest_route=%2Fwp%2Fv2%2Fcomments&post=99543"}],"version-history":[{"count":1,"href":"https:\/\/www.fuldaernachrichten.de\/index.php?rest_route=\/wp\/v2\/posts\/99543\/revisions"}],"predecessor-version":[{"id":99546,"href":"https:\/\/www.fuldaernachrichten.de\/index.php?rest_route=\/wp\/v2\/posts\/99543\/revisions\/99546"}],"wp:attachment":[{"href":"https:\/\/www.fuldaernachrichten.de\/index.php?rest_route=%2Fwp%2Fv2%2Fmedia&parent=99543"}],"wp:term":[{"taxonomy":"category","embeddable":true,"href":"https:\/\/www.fuldaernachrichten.de\/index.php?rest_route=%2Fwp%2Fv2%2Fcategories&post=99543"},{"taxonomy":"post_tag","embeddable":true,"href":"https:\/\/www.fuldaernachrichten.de\/index.php?rest_route=%2Fwp%2Fv2%2Ftags&post=99543"}],"curies":[{"name":"wp","href":"https:\/\/api.w.org\/{rel}","templated":true}]}}