{"id":99540,"date":"2012-06-18T00:20:00","date_gmt":"2012-06-18T00:20:00","guid":{"rendered":"http:\/\/www.fuldaer-nachrichten.de\/?p=99540"},"modified":"2012-06-18T07:09:38","modified_gmt":"2012-06-18T07:09:38","slug":"heimische-fusballfans-unterstutzen-deutsches-team-bei-em-in-polen-und-der-ukraine","status":"publish","type":"post","link":"https:\/\/www.fuldaernachrichten.de\/?p=99540","title":{"rendered":"Heimische Fu\u00dfballfans unterst\u00fctzen deutsches Team bei EM in Polen und der Ukraine"},"content":{"rendered":"<p><a href=\"http:\/\/www.fuldaer-nachrichten.de\/wp-content\/uploads\/2012\/06\/120618_Lemberg1.jpg\"><img fetchpriority=\"high\" decoding=\"async\" class=\"alignleft size-thumbnail wp-image-99541\" title=\"120618_Lemberg1\" src=\"http:\/\/www.fuldaer-nachrichten.de\/wp-content\/uploads\/2012\/06\/120618_Lemberg1-265x198.jpg\" alt=\"\" width=\"265\" height=\"198\" srcset=\"https:\/\/www.fuldaernachrichten.de\/wp-content\/uploads\/2012\/06\/120618_Lemberg1-265x198.jpg 265w, https:\/\/www.fuldaernachrichten.de\/wp-content\/uploads\/2012\/06\/120618_Lemberg1.jpg 592w\" sizes=\"(max-width: 265px) 100vw, 265px\" \/><\/a>H\u00fcnfeld\/Lemberg. F\u00fcr seine Fu\u00dfballbegeisterung nimmt Thomas M\u00fcller weite Wege auf sich. Zuletzt war er zwanzig Stunden im Bus nach Lemberg in der Ukraine unterwegs, wo die deutsche Nationalmannschaft ihr Auftaktspiel bei der Europameisterschaft gegen Portugal bestritt. Begleitet wurde der 39-j\u00e4hrige Gro\u00dfenbacher von Roland Thiele aus Petersberg sowie Andreas Och und Mario Henning, beide aus Burghaun.<!--more--><\/p>\n<p>Seit Anfang der neunziger Jahre reist der gelernte Finanzwirt, der bei der Fuldaer Kreisverwaltung f\u00fcr die Sozialplanung zust\u00e4ndig ist, regelm\u00e4\u00dfig zu Ausw\u00e4rtsspielen der Fu\u00dfballnationalmannschaft. Auf diese Weise hat er eine ganze Reihe von europ\u00e4ischen St\u00e4dten kennengelernt, wobei ihm Dublin und Istanbul in besonders guter Erinnerung geblieben sind. Pro Jahr besucht Thomas M\u00fcller drei bis vier L\u00e4nderspiele. In der Bundesliga schl\u00e4gt sein Herz f\u00fcr den Hamburger Sportverein, im heimischen Raum unterst\u00fctzt er dessen kleinen Namensvetter, den H\u00fcnfelder Sportverein. Nach der Europameisterschaft, bei der je nach Abschneiden der deutschen Mannschaft noch Fahrten zum Viertelfinale in Warschau oder Danzig sowie m\u00f6glicherweise zum Halbfinale in die polnische Hauptstadt anstehen &#8211; \u201edas Finale in Kiew w\u00e4re mir dann doch zu weit\u201c- hat er als n\u00e4chste gr\u00f6\u00dfere Reiseziele die F\u00e4r\u00f6erinsel im kommenden Herbst sowie die Fu\u00dfball-Weltmeisterschaft im \u00fcbern\u00e4chsten Jahr in Brasilien ins Auge gefasst.<\/p>\n<p><a href=\"http:\/\/www.fuldaer-nachrichten.de\/wp-content\/uploads\/2012\/06\/120618_Lemberg2.jpg\"><img decoding=\"async\" class=\"alignleft size-thumbnail wp-image-99542\" title=\"120618_Lemberg2\" src=\"http:\/\/www.fuldaer-nachrichten.de\/wp-content\/uploads\/2012\/06\/120618_Lemberg2-265x198.jpg\" alt=\"\" width=\"265\" height=\"198\" srcset=\"https:\/\/www.fuldaernachrichten.de\/wp-content\/uploads\/2012\/06\/120618_Lemberg2-265x198.jpg 265w, https:\/\/www.fuldaernachrichten.de\/wp-content\/uploads\/2012\/06\/120618_Lemberg2.jpg 592w\" sizes=\"(max-width: 265px) 100vw, 265px\" \/><\/a>Thomas M\u00fcller geh\u00f6rt zu einer zehn- bis f\u00fcnfzehnk\u00f6pfigen Gruppe aus H\u00fcnfeld und Umgebung, die Mitglied im Fan Club Nationalmannschaft ist und so leichter an die kontigentierten Eintrittskarten kommt. Bis auf eine Ausnahme handelt es sich um M\u00e4nner im Alter von Anfang zwanzig bis \u00fcber f\u00fcnfzig. Einige waren bei der WM vor zwei Jahren in S\u00fcdafrika dabei, Thomas M\u00fcller selbst hat 16 Spiele bei der Fu\u00dfball-Weltmeisterschaft 2006 in Deutschland und alle Spiele der deutschen Mannschaft bei der letzten Europameisterschaft in \u00d6sterreich und der Schweiz sowie bei der vorletzten EM in Portugal besucht. Ausw\u00e4rtsbegegnungen werden von ihm nicht in erster Linie wegen der damit verbundenen touristischen Eindr\u00fccker bevorzugt. \u201eBei uns steht der Sport im Vordergrund.\u201c Vielmehr seien die Stimmung besser, das Gemeinschaftsgef\u00fchl unter den Fans aus ganz Deutschland st\u00e4rker und die Unterst\u00fctzung der eigenen Mannschaft enthusiastischer. \u201eBei Heimspielen wird viel eher gepfiffen, wenn es mal nicht so l\u00e4uft.\u201c<\/p>\n<p>Bei seinen Fahrten konnte der Verwaltungsangestellte bisher nur positive Erfahrungen machen. Mit Ausschreitungen ist er noch nicht konfrontiert worden. Als besonders freundlich habe er Iren, Schotten und Skandinavier erlebt. Und auch die h\u00e4ufig verschrienen Engl\u00e4nder respektierten den sportlichen Gegner. Vor \u00dcberraschungen bei Reisen ins Ausland sei aber niemand gefeit. So brauchte der Bus nach Lemberg f\u00fcr die letzten dreihundert Kilometer acht Stunden, weil es eine auf der Karte eingezeichnete Autobahn nicht gab. Dort angekommen war man froh, nicht wie andere im Bahnhofsgeb\u00e4ude \u00fcbernachten zu m\u00fcssen. Die eher durchschnittliche Begegnung gegen die Portugiesen hat er weniger negativ wahrgenommen als viele Fernsehzuschauer. Man lasse sich durch die allgemeine Euphorie im Stadion mitrei\u00dfen und k\u00f6nne so einen Motivationsschub bei der eigenen Mannschaft ausl\u00f6sen. Bleibt zu hoffen, dass die Unterst\u00fctzung der Fans vor Ort und zu Hause anh\u00e4lt und das deutsche Team bis ins Endspiel tr\u00e4gt.<\/p>\n<p>&nbsp;<\/p>\n","protected":false},"excerpt":{"rendered":"<div class=\"tmnf_excerpt\"><p>H\u00fcnfeld\/Lemberg. F\u00fcr seine Fu\u00dfballbegeisterung nimmt Thomas M\u00fcller weite Wege auf sich. Zuletzt war er zwanzig Stunden im Bus nach Lemberg in der Ukraine unterwegs, wo die deutsche Nationalmannschaft ihr Auftaktspiel bei der Europameisterschaft gegen Portugal bestritt. Begleitet wurde der 39-j\u00e4hrige Gro\u00dfenbacher von Roland Thiele aus Petersberg sowie Andreas Och und Mario Henning, beide aus Burghaun.<\/p>\n<\/div>","protected":false},"author":1,"featured_media":0,"comment_status":"closed","ping_status":"closed","sticky":false,"template":"","format":"standard","meta":{"footnotes":""},"categories":[1,46],"tags":[],"class_list":["post-99540","post","type-post","status-publish","format-standard","hentry","category-startseite","category-sport"],"_links":{"self":[{"href":"https:\/\/www.fuldaernachrichten.de\/index.php?rest_route=\/wp\/v2\/posts\/99540","targetHints":{"allow":["GET"]}}],"collection":[{"href":"https:\/\/www.fuldaernachrichten.de\/index.php?rest_route=\/wp\/v2\/posts"}],"about":[{"href":"https:\/\/www.fuldaernachrichten.de\/index.php?rest_route=\/wp\/v2\/types\/post"}],"author":[{"embeddable":true,"href":"https:\/\/www.fuldaernachrichten.de\/index.php?rest_route=\/wp\/v2\/users\/1"}],"replies":[{"embeddable":true,"href":"https:\/\/www.fuldaernachrichten.de\/index.php?rest_route=%2Fwp%2Fv2%2Fcomments&post=99540"}],"version-history":[{"count":0,"href":"https:\/\/www.fuldaernachrichten.de\/index.php?rest_route=\/wp\/v2\/posts\/99540\/revisions"}],"wp:attachment":[{"href":"https:\/\/www.fuldaernachrichten.de\/index.php?rest_route=%2Fwp%2Fv2%2Fmedia&parent=99540"}],"wp:term":[{"taxonomy":"category","embeddable":true,"href":"https:\/\/www.fuldaernachrichten.de\/index.php?rest_route=%2Fwp%2Fv2%2Fcategories&post=99540"},{"taxonomy":"post_tag","embeddable":true,"href":"https:\/\/www.fuldaernachrichten.de\/index.php?rest_route=%2Fwp%2Fv2%2Ftags&post=99540"}],"curies":[{"name":"wp","href":"https:\/\/api.w.org\/{rel}","templated":true}]}}