{"id":99538,"date":"2012-06-18T00:10:00","date_gmt":"2012-06-18T00:10:00","guid":{"rendered":"http:\/\/www.fuldaer-nachrichten.de\/?p=99538"},"modified":"2012-06-18T07:04:51","modified_gmt":"2012-06-18T07:04:51","slug":"luther-drachen-und-genossen-volkssportfreunde-fulda-1986-e-v-eroffnen-neuen-wanderweg","status":"publish","type":"post","link":"https:\/\/www.fuldaernachrichten.de\/?p=99538","title":{"rendered":"&#8220;Luther, Drachen und Genossen&#8221; &#8211; Volkssportfreunde Fulda 1986 e.V. er\u00f6ffnen neuen Wanderweg"},"content":{"rendered":"<p>Eisenach\/Fulda. Die Volkssportfreunde Fulda 1986 e.V. laden herzlich zu der Er\u00f6ffnung ihres neuen permanenten IVV Wanderwegs &#8220;Luther, Drachen und Genossen&#8221; in Eisenach am 23.06.2012 um 10:00 Uhr ein. Start und Ziel der Wanderung ist die Wanderpension Storchenturm, Georgenstra\u00dfe 43 a, 99817 Eisenach.<!--more--><br \/>\nWandern wird immer beliebter. Der Deutsche Volkssportverband (DVV) im Internationalen Volkssportverband (IVV), dessen aktives Mitglied die\u00c2\u00a0 Volkssportfreunde Fulda sind, bietet die M\u00f6glichkeit, &#8220;sanften Ausdauersport&#8221; zu betreiben: ohne Sollzeiten und Zeitmessung kann jeder<br \/>\nnach individuellem Leistungsstand und -willen f\u00fcr sich Strecken erwandern. Unz\u00e4hlige Wanderveranstaltungen im In- und Ausland zeugen davon. Die permanenten IVV Wanderwege erm\u00f6glichen es, jederzeit nach eigenem Zeitplan eine Strecke zu laufen und die begehrten IVV-Stempel<br \/>\nzum Erlangen des Volkssportabzeichen zu erhalten.<\/p>\n<p>Auf Grund des gro\u00dfen Erfolgs der bereits bestehenden drei permanenten Wanderwege haben sich die Volkssportfreunde Fulda entschlossen, in Eisenach einen weiteren Wanderweg zu er\u00f6ffnen. Dieser ist erst der dritte permanente Wanderweg in Th\u00fcringen und stellt damit eine Bereicherung des Wanderangebots in Deutschland da. Angeboten werden Strecken von 7km, 14km und 17km, gestartet werden kann t\u00e4glich von 08:00 Uhr bis 3 Stunden vor Einbruch der Dunkelheit.<\/p>\n<p>Die Strecke f\u00fchrt vom Storchenturm durch die Innenstadt von Eisenach nach S\u00fcden. Durch die Drachenschlucht f\u00fchrt sie zur Hohen Sonne. Von dort aus geht es \u00fcber\u00c2\u00a0 Rennsteig und Lutherweg nach Westen \u00fcber Wilde Sau zur S\u00e4ngerwiese. Nachdem man bis jetzt auf der Strecke immer wieder<br \/>\ndie Wartburg im Blick hatte, geht es jetzt direkt zu ihr. Von der Eselstation geht dann der R\u00fcckweg \u00fcber die Kreuzkirche und an der Stadtmauer entlang zur\u00fcck zum Storchenturm.<\/p>\n","protected":false},"excerpt":{"rendered":"<div class=\"tmnf_excerpt\"><p>Eisenach\/Fulda. Die Volkssportfreunde Fulda 1986 e.V. laden herzlich zu der Er\u00f6ffnung ihres neuen permanenten IVV Wanderwegs &#8220;Luther, Drachen und Genossen&#8221; in Eisenach am 23.06.2012 um 10:00 Uhr ein. Start und Ziel der Wanderung ist die Wanderpension Storchenturm, Georgenstra\u00dfe 43 a, 99817 Eisenach.<\/p>\n<\/div>","protected":false},"author":1,"featured_media":0,"comment_status":"closed","ping_status":"closed","sticky":false,"template":"","format":"standard","meta":{"footnotes":""},"categories":[1,52],"tags":[],"class_list":["post-99538","post","type-post","status-publish","format-standard","hentry","category-startseite","category-umwelt"],"_links":{"self":[{"href":"https:\/\/www.fuldaernachrichten.de\/index.php?rest_route=\/wp\/v2\/posts\/99538","targetHints":{"allow":["GET"]}}],"collection":[{"href":"https:\/\/www.fuldaernachrichten.de\/index.php?rest_route=\/wp\/v2\/posts"}],"about":[{"href":"https:\/\/www.fuldaernachrichten.de\/index.php?rest_route=\/wp\/v2\/types\/post"}],"author":[{"embeddable":true,"href":"https:\/\/www.fuldaernachrichten.de\/index.php?rest_route=\/wp\/v2\/users\/1"}],"replies":[{"embeddable":true,"href":"https:\/\/www.fuldaernachrichten.de\/index.php?rest_route=%2Fwp%2Fv2%2Fcomments&post=99538"}],"version-history":[{"count":1,"href":"https:\/\/www.fuldaernachrichten.de\/index.php?rest_route=\/wp\/v2\/posts\/99538\/revisions"}],"predecessor-version":[{"id":99539,"href":"https:\/\/www.fuldaernachrichten.de\/index.php?rest_route=\/wp\/v2\/posts\/99538\/revisions\/99539"}],"wp:attachment":[{"href":"https:\/\/www.fuldaernachrichten.de\/index.php?rest_route=%2Fwp%2Fv2%2Fmedia&parent=99538"}],"wp:term":[{"taxonomy":"category","embeddable":true,"href":"https:\/\/www.fuldaernachrichten.de\/index.php?rest_route=%2Fwp%2Fv2%2Fcategories&post=99538"},{"taxonomy":"post_tag","embeddable":true,"href":"https:\/\/www.fuldaernachrichten.de\/index.php?rest_route=%2Fwp%2Fv2%2Ftags&post=99538"}],"curies":[{"name":"wp","href":"https:\/\/api.w.org\/{rel}","templated":true}]}}