{"id":99535,"date":"2012-06-17T00:11:30","date_gmt":"2012-06-17T00:11:30","guid":{"rendered":"http:\/\/www.fuldaer-nachrichten.de\/?p=99535"},"modified":"2012-06-17T08:53:19","modified_gmt":"2012-06-17T08:53:19","slug":"irische-messe-mit-ensemble-entzucklika","status":"publish","type":"post","link":"https:\/\/www.fuldaernachrichten.de\/?p=99535","title":{"rendered":"Irische Messe mit Ensemble Entz\u00fccklika"},"content":{"rendered":"<p><a href=\"http:\/\/www.fuldaer-nachrichten.de\/wp-content\/uploads\/2012\/06\/356_almaka_ditzenbach.jpg\"><img decoding=\"async\" class=\"alignleft size-thumbnail wp-image-99536\" title=\"356_almaka_ditzenbach\" src=\"http:\/\/www.fuldaer-nachrichten.de\/wp-content\/uploads\/2012\/06\/356_almaka_ditzenbach-265x162.jpg\" alt=\"\" width=\"265\" height=\"162\" srcset=\"https:\/\/www.fuldaernachrichten.de\/wp-content\/uploads\/2012\/06\/356_almaka_ditzenbach-265x162.jpg 265w, https:\/\/www.fuldaernachrichten.de\/wp-content\/uploads\/2012\/06\/356_almaka_ditzenbach.jpg 592w\" sizes=\"(max-width: 265px) 100vw, 265px\" \/><\/a>Eichenzell\/L\u00fctter. Am Sonntag, 24. Juni gestaltet das Ensemble Entz\u00fccklika\u00c2\u00a0 in der kath. Pfarrkirche in Eichenzell\/L\u00fctter um 10:00 Uhr die Eucharistiefeier mit einer gesungenen\u00c2\u00a0 Messe aus Irland &#8220;Die Saat geht auf&#8221; in deutscher Sprache.<\/p>\n<p>Die irische Messe &#8220;Die Saat geht auf&#8221; stammt aus der Feder des in Irland und Amerika popul\u00e4ren katholischen Priesters Liam Lawton, der eine Synthese wagt zwischen irischem Folk und g\u00e4ngiger Popmusik, die sich f\u00fcr eine angemessene Gestaltung der Eucharistie eignet. Die deutsche Fassung stammt vom Diplom-Theologen und christlichen Liedermacher Alexander Bayer, der bei der \u00dcbersetzung auf alle altert\u00fcmelnden Formulierungen verzichtet, so dass nicht nur die Musik, sondern auch die anklingende Sprache die Aufmerksamkeit f\u00fcr das Feiern der Liturgie anregt. Das Ensemble Entz\u00fccklika erwuchs 1992 aus drei Theologen, die ihre eigene Musik in den Dienst der Verk\u00fcndigung stellen.<\/p>\n<p>Der charakteristische Entz\u00fccklika-Klang besteht aus Klavier, Fl\u00f6ten und Oboe und vierstimmigem Gesang. Die Musikanten tragen neue liturgische Lieder passend zum liturgischen Jahr in die singende Gemeinde und verstehen es mit Charme und Pr\u00e4senz, sich dabei so weit zur\u00fcckzunehmen, dass die Liturgie nicht zu einem Konzert wird. Der tonangebende Liedermacher Alexander Bayer hat viele Neue Geistliche Lieder geschrieben, die gerne in Gottesdiensten im deutschsprachigen Raum gesungen werden.<br \/>\nIm Anschluss an den Gottesdienst gibt es die M\u00f6glichkeit, CDs und Noten von Entz\u00fccklika zu erwerben.<\/p>\n","protected":false},"excerpt":{"rendered":"<div class=\"tmnf_excerpt\"><p>Eichenzell\/L\u00fctter. Am Sonntag, 24. Juni gestaltet das Ensemble Entz\u00fccklika\u00c2\u00a0 in der kath. Pfarrkirche in Eichenzell\/L\u00fctter um 10:00 Uhr die Eucharistiefeier mit einer gesungenen\u00c2\u00a0 Messe aus Irland &#8220;Die Saat geht auf&#8221; in deutscher Sprache. Die irische Messe &#8220;Die Saat geht auf&#8221; stammt aus der Feder des in Irland und Amerika popul\u00e4ren katholischen Priesters Liam Lawton, der &hellip;<\/p>\n<\/div>","protected":false},"author":1,"featured_media":0,"comment_status":"closed","ping_status":"closed","sticky":false,"template":"","format":"standard","meta":{"footnotes":""},"categories":[1,50],"tags":[],"class_list":["post-99535","post","type-post","status-publish","format-standard","hentry","category-startseite","category-kirche"],"_links":{"self":[{"href":"https:\/\/www.fuldaernachrichten.de\/index.php?rest_route=\/wp\/v2\/posts\/99535","targetHints":{"allow":["GET"]}}],"collection":[{"href":"https:\/\/www.fuldaernachrichten.de\/index.php?rest_route=\/wp\/v2\/posts"}],"about":[{"href":"https:\/\/www.fuldaernachrichten.de\/index.php?rest_route=\/wp\/v2\/types\/post"}],"author":[{"embeddable":true,"href":"https:\/\/www.fuldaernachrichten.de\/index.php?rest_route=\/wp\/v2\/users\/1"}],"replies":[{"embeddable":true,"href":"https:\/\/www.fuldaernachrichten.de\/index.php?rest_route=%2Fwp%2Fv2%2Fcomments&post=99535"}],"version-history":[{"count":1,"href":"https:\/\/www.fuldaernachrichten.de\/index.php?rest_route=\/wp\/v2\/posts\/99535\/revisions"}],"predecessor-version":[{"id":99537,"href":"https:\/\/www.fuldaernachrichten.de\/index.php?rest_route=\/wp\/v2\/posts\/99535\/revisions\/99537"}],"wp:attachment":[{"href":"https:\/\/www.fuldaernachrichten.de\/index.php?rest_route=%2Fwp%2Fv2%2Fmedia&parent=99535"}],"wp:term":[{"taxonomy":"category","embeddable":true,"href":"https:\/\/www.fuldaernachrichten.de\/index.php?rest_route=%2Fwp%2Fv2%2Fcategories&post=99535"},{"taxonomy":"post_tag","embeddable":true,"href":"https:\/\/www.fuldaernachrichten.de\/index.php?rest_route=%2Fwp%2Fv2%2Ftags&post=99535"}],"curies":[{"name":"wp","href":"https:\/\/api.w.org\/{rel}","templated":true}]}}