{"id":99532,"date":"2012-06-17T00:13:05","date_gmt":"2012-06-17T00:13:05","guid":{"rendered":"http:\/\/www.fuldaer-nachrichten.de\/?p=99532"},"modified":"2012-06-17T08:50:31","modified_gmt":"2012-06-17T08:50:31","slug":"engelskonzert-in-ubervoller-tanner-kirche","status":"publish","type":"post","link":"https:\/\/www.fuldaernachrichten.de\/?p=99532","title":{"rendered":"&#8220;Engelskonzert&#8221; in \u00fcbervoller Tanner Kirche"},"content":{"rendered":"<p><a href=\"http:\/\/www.fuldaer-nachrichten.de\/wp-content\/uploads\/2012\/06\/\u00dcbervolle-Empore.jpg\"><img fetchpriority=\"high\" decoding=\"async\" class=\"alignleft size-thumbnail wp-image-99533\" title=\"\u00dcbervolle Empore\" src=\"http:\/\/www.fuldaer-nachrichten.de\/wp-content\/uploads\/2012\/06\/\u00dcbervolle-Empore-265x198.jpg\" alt=\"\" width=\"265\" height=\"198\" \/><\/a>Tann. Wer die Bibel aufschl\u00e4gt, begegnet ihnen \u00fcberall \u2013 Engeln. Als Begleiter, Kraftspender und Botschafter des himmlischen Heils tauchen dort auf, wo es nicht mehr weitergeht, wenn Menschen Angst haben und Hilfe ben\u00f6tigen, oder wenn es etwas Gro\u00dfartiges zu verk\u00fcnden gibt. Von all diesen Eigenschaften der himmlischen Wesen berichteten Thomas N\u00fcdling (Orgel) und Simone Orf (Gesang) in ihrem ergreifenden \u201eEngelskonzert\u201c im Rahmen des Tanner Musiksommers. Ebenso vielf\u00e4ltig und vielschichtig wie die Thematik waren auch die Darbietungen.<!--more-->Mit dem \u201eGloria\u201c und dem \u201eSanctus\u201c aus Thomas N\u00fcdlings \u201eDeutscher Messe\u201c sp\u00fcrten die Musiker Engelsges\u00e4ngen in der Bibel nach. Vor allem das schwingende Sanctus zeichnete sich durch pr\u00e4zises, aber auch feines Musizieren aus. Wie freudig die Himmelswesen musizierten, zeigte vor allem Johann Sebastian Bachs Arie \u201eGloria sei dir gesungen\u201c aus der Kantate 140, innerhalb deren Triosatz sich das frohgemute Ritornell und der klare Cantus firmus angenehm miteinander verwoben.<\/p>\n<p>Mit dem ber\u00fchmten \u201eAve Maria\u201c von Bach-Gounod wurde die Verk\u00fcndigung Mariens durch den Erzengel Michael betrachtet. Darauf bezugnehmend erklang am Anfang das \u201eCarillon\u201c von Georges Jacob, in dem echte Handglocken Einsatz fanden und so den Reiz des Werkes verst\u00e4rkten. Daneben erklangen auch Cesar Francks \u201ePanis angelicus\u00e2\u20ac\u009d und abschlie\u00dfend Engelbert Humperdincks \u201eAbendsegen\u201c aus dessen Oper \u201eH\u00e4nsel und Gretel\u201c.<\/p>\n<p><a href=\"http:\/\/www.fuldaer-nachrichten.de\/wp-content\/uploads\/2012\/06\/Thomas-N\u00fcdling-und-Simone-Orf.jpg\"><img decoding=\"async\" class=\"alignleft size-thumbnail wp-image-99534\" title=\"Thomas N\u00fcdling und Simone Orf\" src=\"http:\/\/www.fuldaer-nachrichten.de\/wp-content\/uploads\/2012\/06\/Thomas-N\u00fcdling-und-Simone-Orf-265x353.jpg\" alt=\"\" width=\"265\" height=\"353\" \/><\/a>Thomas N\u00fcdling entlockte mit seinen Beitr\u00e4gen der historischen Kircher-Orgel von 1828 gro\u00dfen Klang- und Farbenreichtum. W\u00e4hrend er Ren\u00e9 Louis Beckers \u201ePrayer\u201c seiner kompositorischen Anlage entsprechend diskret und intim bedachte, musizierte er Gaetano Bragas \u201eAngel\u00e2\u20ac\u2122s Serenade\u201c und Charles John Greys \u201eChant ang\u00e9lique\u00e2\u20ac\u009d mit Klarheit im Klang und Freude im Ausdruck. Mit Felix Mendelssohns \u201eHebe deine Augen auf zu den Bergen\u201c und \u201eDenn er hat seinen Engeln befohlen\u201c aus seinem Oratorium \u201eElias\u201c gab es auch sehr bekannte Werke als Orgelbearbeitungen zu h\u00f6ren.<\/p>\n<p>Fazit: Es gab Momente des Mitgenommen-Werdens, der Begeisterung, der Intensit\u00e4t und des Anger\u00fchrtseins durch eine gut gelungene Mischung aus dem Engelgenre. Der Platz in der Kirche reichte gar nicht aus. Obwohl die Organisatoren bereits zus\u00e4tzlich Sitzpl\u00e4tze bereit gestellt hatten, lauschten viele Zuh\u00f6rer den Beitr\u00e4gen stehend.<\/p>\n<p>Erm\u00f6glicht wurde das Konzert dank der Unterst\u00fctzung des Kultursommers Main-Kinzig-Fulda, von Karl Rehm, Zimmerei und Holzbau (Tann-Lahrbach) und von Prof. Dr. Wolfgang Krause (Oberd\u00f6rnbachshof). Letzterer initiierte anl\u00e4sslich seines Diamantenen Abiturjubil\u00e4ums dieses Konzert, starb aber vor kurzem. Daher wurde an ihn besonders gedacht.<\/p>\n","protected":false},"excerpt":{"rendered":"<div class=\"tmnf_excerpt\"><p>Tann. Wer die Bibel aufschl\u00e4gt, begegnet ihnen \u00fcberall \u2013 Engeln. Als Begleiter, Kraftspender und Botschafter des himmlischen Heils tauchen dort auf, wo es nicht mehr weitergeht, wenn Menschen Angst haben und Hilfe ben\u00f6tigen, oder wenn es etwas Gro\u00dfartiges zu verk\u00fcnden gibt. Von all diesen Eigenschaften der himmlischen Wesen berichteten Thomas N\u00fcdling (Orgel) und Simone Orf &hellip;<\/p>\n<\/div>","protected":false},"author":1,"featured_media":0,"comment_status":"closed","ping_status":"closed","sticky":false,"template":"","format":"standard","meta":{"footnotes":""},"categories":[1,50,44],"tags":[],"class_list":["post-99532","post","type-post","status-publish","format-standard","hentry","category-startseite","category-kirche","category-kultur"],"_links":{"self":[{"href":"https:\/\/www.fuldaernachrichten.de\/index.php?rest_route=\/wp\/v2\/posts\/99532","targetHints":{"allow":["GET"]}}],"collection":[{"href":"https:\/\/www.fuldaernachrichten.de\/index.php?rest_route=\/wp\/v2\/posts"}],"about":[{"href":"https:\/\/www.fuldaernachrichten.de\/index.php?rest_route=\/wp\/v2\/types\/post"}],"author":[{"embeddable":true,"href":"https:\/\/www.fuldaernachrichten.de\/index.php?rest_route=\/wp\/v2\/users\/1"}],"replies":[{"embeddable":true,"href":"https:\/\/www.fuldaernachrichten.de\/index.php?rest_route=%2Fwp%2Fv2%2Fcomments&post=99532"}],"version-history":[{"count":0,"href":"https:\/\/www.fuldaernachrichten.de\/index.php?rest_route=\/wp\/v2\/posts\/99532\/revisions"}],"wp:attachment":[{"href":"https:\/\/www.fuldaernachrichten.de\/index.php?rest_route=%2Fwp%2Fv2%2Fmedia&parent=99532"}],"wp:term":[{"taxonomy":"category","embeddable":true,"href":"https:\/\/www.fuldaernachrichten.de\/index.php?rest_route=%2Fwp%2Fv2%2Fcategories&post=99532"},{"taxonomy":"post_tag","embeddable":true,"href":"https:\/\/www.fuldaernachrichten.de\/index.php?rest_route=%2Fwp%2Fv2%2Ftags&post=99532"}],"curies":[{"name":"wp","href":"https:\/\/api.w.org\/{rel}","templated":true}]}}