{"id":99531,"date":"2012-06-17T00:12:11","date_gmt":"2012-06-17T00:12:11","guid":{"rendered":"http:\/\/www.fuldaer-nachrichten.de\/?p=99531"},"modified":"2012-06-17T08:30:46","modified_gmt":"2012-06-17T08:30:46","slug":"47-friedenswallfahrt-der-kab-zum-maria-ehrenberg-chance-fur-den-weltfrieden","status":"publish","type":"post","link":"https:\/\/www.fuldaernachrichten.de\/?p=99531","title":{"rendered":"47. Friedenswallfahrt der KAB zum Maria Ehrenberg Chance f\u00fcr den Weltfrieden"},"content":{"rendered":"<p>Fulda\/Kothen. Am Sonntag, dem 24. Juni 2012 veranstaltet die Katholische Arbeitnehmer-Bewegung (KAB) Bezirksverband Rh\u00f6n\/ Vogelsberg in Zusammenarbeit mit den \u00f6rtlichen KAB Vereinen ihre 47. Friedenswallfahrt zum Maria Ehrenberg bei Motten\/Kothen. Die Wallfahrt beginnt um 9.45 Uhr am Fu\u00dfe der Treppen zur Wallfahrtskirche. Um 10.30 Uhr folgt der Wallfahrergottesdienst mit dem Fuldaer Regens, Monsignore Dr. Cornelius Roth. In seiner Predigt wird der Prediger auf das Vereinende der gro\u00dfen Weltreligionen, insbesondere des Christentums, Judentums und Islam, als Chance f\u00fcr eine friedlichere Welt eingehen.\u00c2\u00a0 Die KAB setzt mit dieser Wallfahrt die Tradition der Friedenswallfahrten fort, die vor knapp 50 Jahren anl\u00e4sslich des Aufstandes des 17. Juni 1953 begann.<\/p>\n","protected":false},"excerpt":{"rendered":"<div class=\"tmnf_excerpt\"><p>Fulda\/Kothen. Am Sonntag, dem 24. Juni 2012 veranstaltet die Katholische Arbeitnehmer-Bewegung (KAB) Bezirksverband Rh\u00f6n\/ Vogelsberg in Zusammenarbeit mit den \u00f6rtlichen KAB Vereinen ihre 47. Friedenswallfahrt zum Maria Ehrenberg bei Motten\/Kothen. Die Wallfahrt beginnt um 9.45 Uhr am Fu\u00dfe der Treppen zur Wallfahrtskirche. Um 10.30 Uhr folgt der Wallfahrergottesdienst mit dem Fuldaer Regens, Monsignore Dr. Cornelius &hellip;<\/p>\n<\/div>","protected":false},"author":1,"featured_media":0,"comment_status":"closed","ping_status":"closed","sticky":false,"template":"","format":"standard","meta":{"footnotes":""},"categories":[1,50],"tags":[],"class_list":["post-99531","post","type-post","status-publish","format-standard","hentry","category-startseite","category-kirche"],"_links":{"self":[{"href":"https:\/\/www.fuldaernachrichten.de\/index.php?rest_route=\/wp\/v2\/posts\/99531","targetHints":{"allow":["GET"]}}],"collection":[{"href":"https:\/\/www.fuldaernachrichten.de\/index.php?rest_route=\/wp\/v2\/posts"}],"about":[{"href":"https:\/\/www.fuldaernachrichten.de\/index.php?rest_route=\/wp\/v2\/types\/post"}],"author":[{"embeddable":true,"href":"https:\/\/www.fuldaernachrichten.de\/index.php?rest_route=\/wp\/v2\/users\/1"}],"replies":[{"embeddable":true,"href":"https:\/\/www.fuldaernachrichten.de\/index.php?rest_route=%2Fwp%2Fv2%2Fcomments&post=99531"}],"version-history":[{"count":0,"href":"https:\/\/www.fuldaernachrichten.de\/index.php?rest_route=\/wp\/v2\/posts\/99531\/revisions"}],"wp:attachment":[{"href":"https:\/\/www.fuldaernachrichten.de\/index.php?rest_route=%2Fwp%2Fv2%2Fmedia&parent=99531"}],"wp:term":[{"taxonomy":"category","embeddable":true,"href":"https:\/\/www.fuldaernachrichten.de\/index.php?rest_route=%2Fwp%2Fv2%2Fcategories&post=99531"},{"taxonomy":"post_tag","embeddable":true,"href":"https:\/\/www.fuldaernachrichten.de\/index.php?rest_route=%2Fwp%2Fv2%2Ftags&post=99531"}],"curies":[{"name":"wp","href":"https:\/\/api.w.org\/{rel}","templated":true}]}}