{"id":9952,"date":"2008-06-18T00:21:35","date_gmt":"2008-06-17T22:21:35","guid":{"rendered":"http:\/\/www.schoene-nachrichten.de\/?p=9952"},"modified":"2008-06-18T00:21:35","modified_gmt":"2008-06-17T22:21:35","slug":"leseclub-ein-neues-leseprojekt-der-kaf","status":"publish","type":"post","link":"https:\/\/www.fuldaernachrichten.de\/?p=9952","title":{"rendered":"\u201eLESECLUB\u201c &#8211; ein neues Leseprojekt der KAF"},"content":{"rendered":"<p><strong>Fulda. <\/strong>Alle Kinder im Alter von 9 bis 11 Jahren, die gerne Lesen und \u00fcber neu erschienene B\u00fccher diskutieren m\u00f6chten, sind zum Mitmachen beim Leseclub der Centralb\u00fccherei und der Kinder-Akademie Fulda (KAF) eingeladen.<!--more--><\/p>\n<p>Am Montag, dem 11. August, treffen sich die Club-Mitglieder zum ersten Mal um 17.00 Uhr in der Kinder-Akademie Fulda, Mehlerstra\u00dfe 4, in 36043 Fulda. Gemeinsam st\u00f6bern sie in den Novit\u00e4tenkatalogen verschiedener Verlage: Interessante Buchtitel werden gesichtet und anschlie\u00dfend w\u00e4hlen die jungen Leser die f\u00fcr sie attraktivsten B\u00fccher aus. Beim n\u00e4chsten Treffen nehmen die Club-Mitglieder die B\u00fccher genau unter die Lupe: Aufmachung, Titel, Klappentext.<\/p>\n<p>Die interessantesten B\u00fccher werden dann von den Teilnehmer\/innen zu Hause gelesen. Bei allen weiteren Treffen werden die ausgew\u00e4hlten B\u00fccher besprochen: Die Aufmachung des Buches wird bewertet, der Inhalt diskutiert. Abschlie\u00dfend k\u00f6nnen Buchbesprechungen verfasst werden, die an die Verlage geschickt und auch ver\u00f6ffentlicht werden. Ende Januar verleihen die Mitglieder des Leseclubs ihren Favoriten-B\u00fcchern eine Auszeichnung und stellen sie der \u00d6ffentlichkeit vor.<\/p>\n<p>Teilnehmen k\u00f6nnen Kinder im Alter von 9 bis 11 Jahren (Stichtag f\u00fcr die Aufnahme von 9j\u00e4hrigen in den Leseclub ist das Geburtsdatum 30. Juni 1999). Die Teilnahmegeb\u00fchr f\u00fcr den Leseclub betr\u00e4gt insgesamt \u00e2\u201a\u00ac 45,00 f\u00fcr 6 Monate. Die Anmeldung erfolgt ab dem 20. Juni 2008 unter der Telefonnummer 0661-902730 in der KAF.<\/p>\n<p>Das erste Treffen des Leseclubs findet am Montag, den 11. August 2008 um 17.00 Uhr in der KAF statt, alle weitere Treffen finden an den folgenden Tagen immer um 17.00 Uhr statt: Mo, 11.08.08 \/ Mo, 25.08.08 \/ Mo, 8.09.08 \/ Mo, 22.09.08 \/ Mo, 29.09.08 \/ Mo, 20.10.08   Mo,    3.11.08  \/  Mo, 17.11.08  \/  Mo, 1.12.08  \/ Mo, 15.12.08 \/  Mo, 12. 1.09   \/  Mo, 26.1.09<\/p>\n<p>Leitung: Gabriele T\u00f6lch, Centralb\u00fccherei im B\u00fcchereiverbund Fulda e.V.<br \/>\nSusanne Bonzel, Kinder-Akademie Fulda<\/p>\n","protected":false},"excerpt":{"rendered":"<div class=\"tmnf_excerpt\"><p>Fulda. Alle Kinder im Alter von 9 bis 11 Jahren, die gerne Lesen und \u00fcber neu erschienene B\u00fccher diskutieren m\u00f6chten, sind zum Mitmachen beim Leseclub der Centralb\u00fccherei und der Kinder-Akademie Fulda (KAF) eingeladen.<\/p>\n<\/div>","protected":false},"author":1,"featured_media":0,"comment_status":"closed","ping_status":"closed","sticky":false,"template":"","format":"standard","meta":{"footnotes":""},"categories":[1,53,72],"tags":[],"class_list":["post-9952","post","type-post","status-publish","format-standard","hentry","category-startseite","category-bildung","category-jugend"],"_links":{"self":[{"href":"https:\/\/www.fuldaernachrichten.de\/index.php?rest_route=\/wp\/v2\/posts\/9952","targetHints":{"allow":["GET"]}}],"collection":[{"href":"https:\/\/www.fuldaernachrichten.de\/index.php?rest_route=\/wp\/v2\/posts"}],"about":[{"href":"https:\/\/www.fuldaernachrichten.de\/index.php?rest_route=\/wp\/v2\/types\/post"}],"author":[{"embeddable":true,"href":"https:\/\/www.fuldaernachrichten.de\/index.php?rest_route=\/wp\/v2\/users\/1"}],"replies":[{"embeddable":true,"href":"https:\/\/www.fuldaernachrichten.de\/index.php?rest_route=%2Fwp%2Fv2%2Fcomments&post=9952"}],"version-history":[{"count":0,"href":"https:\/\/www.fuldaernachrichten.de\/index.php?rest_route=\/wp\/v2\/posts\/9952\/revisions"}],"wp:attachment":[{"href":"https:\/\/www.fuldaernachrichten.de\/index.php?rest_route=%2Fwp%2Fv2%2Fmedia&parent=9952"}],"wp:term":[{"taxonomy":"category","embeddable":true,"href":"https:\/\/www.fuldaernachrichten.de\/index.php?rest_route=%2Fwp%2Fv2%2Fcategories&post=9952"},{"taxonomy":"post_tag","embeddable":true,"href":"https:\/\/www.fuldaernachrichten.de\/index.php?rest_route=%2Fwp%2Fv2%2Ftags&post=9952"}],"curies":[{"name":"wp","href":"https:\/\/api.w.org\/{rel}","templated":true}]}}