{"id":9950,"date":"2008-06-18T00:21:23","date_gmt":"2008-06-17T22:21:23","guid":{"rendered":"http:\/\/www.schoene-nachrichten.de\/?p=9950"},"modified":"2008-06-18T00:21:23","modified_gmt":"2008-06-17T22:21:23","slug":"sieger-des-antolin-wettbewerbs-ausgezeichnet","status":"publish","type":"post","link":"https:\/\/www.fuldaernachrichten.de\/?p=9950","title":{"rendered":"Sieger des Antolin-Wettbewerbs ausgezeichnet"},"content":{"rendered":"<p><a rel=\"lightbox[roadtrip]\" href=\"http:\/\/www.schoene-nachrichten.de\/wp-content\/uploads\/2008\/06\/245-antolin2.jpg\" target=\"_blank\"><img decoding=\"async\" class=\"alignleft size-thumbnail wp-image-9953\" title=\"245-antolin2\" src=\"http:\/\/www.schoene-nachrichten.de\/wp-content\/uploads\/2008\/06\/245-antolin2-128x85.jpg\" alt=\"\" hspace=\"5\" width=\"128\" height=\"85\" align=\"left\" \/><\/a><strong>Ehrenberg.<\/strong> Einige der gr\u00f6\u00dften Leseratten im Landkreis Fulda scheinen von der Grundschule in W\u00fcstensachsen zu kommen. Zumindest kann man diesen Eindruck haben, wenn es nach den Ergebnissen des Antolin-Wettbewerbs zur F\u00f6rderung der Lesef\u00e4higkeit in den Klassen eins bis sechs geht. Dabei trifft die Bezeichnung \u201eLeseratte\u201c nur im \u00fcbertragenen Sinne zu, denn das Erkennungszeichen, mit dem f\u00fcr den landesweiten Wettbewerb geworben wird, ist ein \u201eLeserabe\u201c. <!--more--><\/p>\n<p>Erster Kreisbeigeordneter Dr. Heiko Wingenfeld war nach W\u00fcstensachen gekommen, um gemeinsam mit dem Fachdienstleiter Schulen der Kreisverwaltung, Felix Gaul, und dem Leiter des Medienzentrums Fulda, Rudolf-P. Karpe, die flei\u00dfigsten Leserinnen und Leser dieser Schule mit Urkunden und Buchgutscheinen zu ehren. F\u00fcr die Grundschule gab es ein Siegerplakat mit dem Antolin-Leseraben, das Schulleiter Rudolf Vey stellvertretend f\u00fcr das Lehrerkollegium entgegen nahm.<\/p>\n<p><strong>Gute Resonanz gefunden<\/strong><\/p>\n<p>Der Antolin-Wettbewerb will die Sch\u00fclerinnen und Sch\u00fcler zum Lesen von m\u00f6glichst vielen Kinder- und Jugendb\u00fcchern anregen, die von P\u00e4dagogen bewertet und empfohlen wurden. Diese k\u00f6nnen vorzugsweise aus der Schulb\u00fccherei entliehen werden. Das Leseverst\u00e4ndnis wird \u00fcberpr\u00fcft, indem mit Hilfe eines speziellen EDV-Programms Fragen zum Inhalt beantwortet werden, wobei es f\u00fcr richtige Antworten Punkte gibt. Pro gelesenem Buch werden 30 bis 60 Punkte vergeben.<\/p>\n<p>Auf diese Weise sind ganz beachtliche Punktezahlen m\u00f6glich. Der Leiter des Medienzentrums hat errechnet, dass beim diesj\u00e4hrigen Antolin-Wettbewerb in den Schulen des Landkreises und der Stadt Fulda rund eine Million Punkte gesammelt wurden. Demnach m\u00fcssen von den Teilnehmerinnen und Teilnehmern zirka 20 000. B\u00fccher gelesen und Fragen zum Inhalt beantwortet worden sein. Rund zwei Drittel der 55 Grundschulen in Tr\u00e4gerschaft des Kreises haben sich beteiligt.<\/p>\n<p><strong>Anreiz zum Lesen gegeben<\/strong><\/p>\n<p>Der Erste Kreisbeigeordnete freute sich \u00fcber die gute Resonanz, die der Wettbewerb gerade im l\u00e4ndlichen Bereich finde. Er verbinde in beispielhafter Weise die F\u00f6rderung der Lesef\u00e4higkeit mit der Nutzung moderner Medien. Dr. Wingenfeld: \u201eLese- und Medienkompetenz sind heute mehr denn je Schl\u00fcsselqualifikationen f\u00fcr den Lernerfolg.\u201c Sein Dank galt neben Rudolf Karpe dem Schulleiter und den engagierten Lehrkr\u00e4ften, ohne die solche Ergebnisse nicht m\u00f6glich seien.<\/p>\n<p>Nach den Worten von Rektor Vey stelle das gute Abschneiden der Grundschule W\u00fcstensachsen, die zum wiederholten Mal unter den kreisweiten Gewinnern vertreten war, Verpflichtung und Anreiz dar, im n\u00e4chsten Jahr wieder dabei zu sein. Durch die Auslobung von Preisen f\u00fchlten sich die Kinder zus\u00e4tzlich angespornt, Spa\u00df am Lesen zu entwickeln. Positiv sei auch, wenn die Eltern beispielsweise durch ihre Unterst\u00fctzung bei der Beantwortung der Fragen mit eingebunden w\u00fcrden.<\/p>\n<p>Stellvertretend f\u00fcr alle \u00fcbrigen Siegerinnen und Sieger beim diesj\u00e4hrigen Antolin-Wettbewerb zeichnete Erster Kreisbeigeordneter Dr. Wingenfeld die Preistr\u00e4ger der Grundschule W\u00fcstensachsen aus. Es waren dies Felix R\u00f6der aus der zweiten Klasse, der als bester Sch\u00fcler einer Kreisschule geehrt wurde. Einen Preis als Stufensieger errangen auch Diana Gr\u00f6sch und Yannic Knacker aus der dritten Klasse sowie Lorena Reutter und Michael Wehner aus der vierten Klasse.<\/p>\n<p><strong>Weitere Sieger ermittelt<\/strong><\/p>\n<p>Ebenfalls einen ersten Platz als bester Sch\u00fcler einer Kreisschule erreichte Timo Falkenhahn (4. Klasse Grundschule Gro\u00dfentaft.  Stufensieger der ersten Klassen wurden Annika Br\u00fccker (Wendelinusschule Steinau) und Finn Limpert (Eberhardschule Tann). Bei den zweiten Klassen lagen Kim Weber (Grundschule Uttrichshausen) sowie Romina Trost und Felix R\u00f6der (beide Grundschule W\u00fcstensachsen) vorne.<\/p>\n<p>Bei den dritten Klassen hie\u00dfen die Stufensieger Leonie Helfrich (Grundschule Thalau), Laura Becker (Johannes-Hack-Schule Petersberg), Paulina Eckard (Wendelinusschule Steinau) und Clemens Sporleder (Ritter-von-Haune-Schule Burghaun). Bei den vierten Klassen wurden Katrin Schmitt (Keltenwallschule Magretenhaun), Rene D\u00e4nner (Eberhardschule Tann) und Timo Falkenhan (Grundschule Gro\u00dfentaft) Stufensieger, bei den f\u00fcnften Klassen Alina Schulthei\u00df und Leon Tesch (beide Wernher-von-Braun-Schule Neuhof) sowie Louisa Hohmann (Erich K\u00e4stner Schule, Hilders). Bei den sechsten. Klassen waren es Dennis Krack und Christina Heil (beide Wernher-von-Braun-Schule Neuhof).<\/p>\n","protected":false},"excerpt":{"rendered":"<div class=\"tmnf_excerpt\"><p>Ehrenberg. Einige der gr\u00f6\u00dften Leseratten im Landkreis Fulda scheinen von der Grundschule in W\u00fcstensachsen zu kommen. Zumindest kann man diesen Eindruck haben, wenn es nach den Ergebnissen des Antolin-Wettbewerbs zur F\u00f6rderung der Lesef\u00e4higkeit in den Klassen eins bis sechs geht. Dabei trifft die Bezeichnung \u201eLeseratte\u201c nur im \u00fcbertragenen Sinne zu, denn das Erkennungszeichen, mit dem &hellip;<\/p>\n<\/div>","protected":false},"author":1,"featured_media":0,"comment_status":"closed","ping_status":"closed","sticky":false,"template":"","format":"standard","meta":{"footnotes":""},"categories":[1,53,29],"tags":[],"class_list":["post-9950","post","type-post","status-publish","format-standard","hentry","category-startseite","category-bildung","category-politik"],"_links":{"self":[{"href":"https:\/\/www.fuldaernachrichten.de\/index.php?rest_route=\/wp\/v2\/posts\/9950","targetHints":{"allow":["GET"]}}],"collection":[{"href":"https:\/\/www.fuldaernachrichten.de\/index.php?rest_route=\/wp\/v2\/posts"}],"about":[{"href":"https:\/\/www.fuldaernachrichten.de\/index.php?rest_route=\/wp\/v2\/types\/post"}],"author":[{"embeddable":true,"href":"https:\/\/www.fuldaernachrichten.de\/index.php?rest_route=\/wp\/v2\/users\/1"}],"replies":[{"embeddable":true,"href":"https:\/\/www.fuldaernachrichten.de\/index.php?rest_route=%2Fwp%2Fv2%2Fcomments&post=9950"}],"version-history":[{"count":0,"href":"https:\/\/www.fuldaernachrichten.de\/index.php?rest_route=\/wp\/v2\/posts\/9950\/revisions"}],"wp:attachment":[{"href":"https:\/\/www.fuldaernachrichten.de\/index.php?rest_route=%2Fwp%2Fv2%2Fmedia&parent=9950"}],"wp:term":[{"taxonomy":"category","embeddable":true,"href":"https:\/\/www.fuldaernachrichten.de\/index.php?rest_route=%2Fwp%2Fv2%2Fcategories&post=9950"},{"taxonomy":"post_tag","embeddable":true,"href":"https:\/\/www.fuldaernachrichten.de\/index.php?rest_route=%2Fwp%2Fv2%2Ftags&post=9950"}],"curies":[{"name":"wp","href":"https:\/\/api.w.org\/{rel}","templated":true}]}}