{"id":9949,"date":"2008-06-18T00:24:37","date_gmt":"2008-06-17T22:24:37","guid":{"rendered":"http:\/\/www.schoene-nachrichten.de\/?p=9949"},"modified":"2008-06-18T00:24:37","modified_gmt":"2008-06-17T22:24:37","slug":"motten-vergibt-konzession-ab-2010-an-die-uewag","status":"publish","type":"post","link":"https:\/\/www.fuldaernachrichten.de\/?p=9949","title":{"rendered":"Motten vergibt Konzession ab 2010 an die \u00dcWAG"},"content":{"rendered":"<p><a rel=\"lightbox[roadtrip]\" href=\"http:\/\/www.schoene-nachrichten.de\/wp-content\/uploads\/2008\/06\/pressefoto-konzessionsvertrag-motten.jpg\" target=\"_blank\"><img decoding=\"async\" class=\"alignleft size-thumbnail wp-image-9956\" title=\"pressefoto-konzessionsvertrag-motten\" src=\"http:\/\/www.schoene-nachrichten.de\/wp-content\/uploads\/2008\/06\/pressefoto-konzessionsvertrag-motten-128x85.jpg\" alt=\"\" hspace=\"5\" width=\"128\" height=\"85\" align=\"left\" srcset=\"https:\/\/www.fuldaernachrichten.de\/wp-content\/uploads\/2008\/06\/pressefoto-konzessionsvertrag-motten-128x84.jpg 128w, https:\/\/www.fuldaernachrichten.de\/wp-content\/uploads\/2008\/06\/pressefoto-konzessionsvertrag-motten.jpg 592w\" sizes=\"(max-width: 128px) 100vw, 128px\" \/><\/a><strong>Fulda.<\/strong> Mit der Unterschrift von B\u00fcrgermeister Jochen Vogel und \u00dcWAG-Vorstand Dipl.-Ing. G\u00fcnter Bury wurde jetzt in der Leitzentrale der \u00dcWAG in Fulda der neue Konzessionsvertrag f\u00fcr die Gemeinde Motten besiegelt. Der Gemeinderat hatte sich nach der Ausschreibung des Vertrags vor gut einem Jahr daf\u00fcr entschieden, die Konzession, also das Leitungsrecht f\u00fcr die Stromversorgung, ab 1. Januar 2010 an das f\u00fchrende osthessische Energieversorgungsunternehmen zu \u00fcbertragen. Der Vertrag hat eine Laufzeit von 20 Jahren.<!--more--><\/p>\n<p>\u201eAusschlaggebend war f\u00fcr uns, dass die \u00dcWAG unserer Gemeinde mehr Zuverl\u00e4ssigkeit in der Stromversorgung bietet\u201c, begr\u00fcndet Mottens B\u00fcrgermeister Jochen Vogel die Entscheidung, den Vertrag mit dem bisherigen Konzessionsinhaber E.ON Bayern nicht fortzuf\u00fchren. So wird die \u00dcWAG das Mottener Stromnetz mit einem sogenannten Ringschluss an zwei Stellen in ihr Verteilungsnetz einbinden \u2013 das erm\u00f6glicht im Falle eines Fehlers auf einer Zuleitung die schnelle Wiederherstellung der Stromversorgung.<\/p>\n<p>Besonders positiv findet B\u00fcrgermeister Vogel auch, dass das Servicecenter Netz Ost der \u00dcWAG in Hettenhausen seinen Sitz praktisch vor der Mottener Haust\u00fcr hat: \u201eDas bedeutet kontinuierliche Betreuung und rasche technische Unterst\u00fctzung im Fall der F\u00e4lle.\u201c<\/p>\n<p>Mit dem Vertragsabschluss \u00fcbernimmt die \u00dcWAG ab 2010 die Verantwortung f\u00fcr das Stromverteilnetz in dem staatlich anerkannten Erholungsort im Biosph\u00e4renreservat Rh\u00f6n mit seinen drei \u201ePerlen\u201c, den Ortsteilen Motten, Kothen und Speicherz. \u201eDa Motten unmittelbar in zentraler Lage an das Netzgebiet der \u00dcWAG grenzt, k\u00f6nnen wir hier Synergieeffekte zum Vorteil der Gemeinde heben\u201c, beschreibt \u00dcWAG-Vorstand G\u00fcnter Bury den Nutzen des neuen Vertrags f\u00fcr Motten. F\u00fcr die \u00dcWAG bedeute der erste Gewinn einer Konzessionsvertrags-Ausschreibung in Bayern einen Schritt in Richtung Wachstum durch Ausbau des Netzgebiets.<\/p>\n<p>Die \u00dcWAG wird nun mit dem bisherigen Konzessionsinhaber \u00fcber die Netz\u00fcbernahme in Motten verhandeln, sodass das Unternehmen mit Beginn des Konzessionsvertrags 2010 auch Eigent\u00fcmer aller technischen Anlagen wie Leitungen und Trafostationen vor Ort ist.<\/p>\n<p><strong>Stichwort Konzessionsvertrag<\/strong><\/p>\n<p>Der Konzessionsvertrag ist ein privater Vertrag zwischen einer Gemeinde und einem Versorgungsunternehmen. Er gew\u00e4hrt dem Unternehmen das Recht zum Betrieb und zur Errichtung von Leitungen auf Gemeindegebiet (Wegerecht) und der Gemeinde das Recht, daf\u00fcr eine Konzessionsabgabe zu verlangen. Die H\u00f6he der Konzessionsabgabe ist gesetzlich in der Konzessionsabgabenverordnung geregelt.<\/p>\n<p>F\u00fcr die knapp 2.000 Einwohnerinnen und Einwohner der Gemeinde Motten entsteht durch den Wechsel des Konzessionsnehmers f\u00fcr die technische Infrastruktur der Stromversorgung keinerlei Handlungsbedarf. Wie bisher w\u00e4hlen sie, mit welchem Energielieferanten sie ihre individuellen Stromversorgungsvertr\u00e4ge abschlie\u00dfen; bestehende Stromliefervertr\u00e4ge werden durch die Neuvergabe der Konzession nicht ber\u00fchrt.<\/p>\n<p><strong>Zum Foto:<\/strong> Besiegelung des Konzessionsvertrags zwischen Motten und der \u00dcWAG ab 2010 (v. l. n. r.): Mottens B\u00fcrgermeister Jochen Vogel und \u00dcWAG-Vorstand Dipl.-Ing. G\u00fcnter Bury bei der Unterschrift, dahinter stehend 3. B\u00fcrgermeister Herbert Leibold, 2. B\u00fcrgermeisterin Ute Becker sowie die Gesch\u00e4ftsf\u00fchrer der \u00dcWAG Netz GmbH, Dipl.-Ing. Herbert Olberg und Dipl.-Ing. Eike Weldner.<\/p>\n","protected":false},"excerpt":{"rendered":"<div class=\"tmnf_excerpt\"><p>Fulda. Mit der Unterschrift von B\u00fcrgermeister Jochen Vogel und \u00dcWAG-Vorstand Dipl.-Ing. G\u00fcnter Bury wurde jetzt in der Leitzentrale der \u00dcWAG in Fulda der neue Konzessionsvertrag f\u00fcr die Gemeinde Motten besiegelt. Der Gemeinderat hatte sich nach der Ausschreibung des Vertrags vor gut einem Jahr daf\u00fcr entschieden, die Konzession, also das Leitungsrecht f\u00fcr die Stromversorgung, ab 1. &hellip;<\/p>\n<\/div>","protected":false},"author":1,"featured_media":0,"comment_status":"closed","ping_status":"closed","sticky":false,"template":"","format":"standard","meta":{"footnotes":""},"categories":[1],"tags":[],"class_list":["post-9949","post","type-post","status-publish","format-standard","hentry","category-startseite"],"_links":{"self":[{"href":"https:\/\/www.fuldaernachrichten.de\/index.php?rest_route=\/wp\/v2\/posts\/9949","targetHints":{"allow":["GET"]}}],"collection":[{"href":"https:\/\/www.fuldaernachrichten.de\/index.php?rest_route=\/wp\/v2\/posts"}],"about":[{"href":"https:\/\/www.fuldaernachrichten.de\/index.php?rest_route=\/wp\/v2\/types\/post"}],"author":[{"embeddable":true,"href":"https:\/\/www.fuldaernachrichten.de\/index.php?rest_route=\/wp\/v2\/users\/1"}],"replies":[{"embeddable":true,"href":"https:\/\/www.fuldaernachrichten.de\/index.php?rest_route=%2Fwp%2Fv2%2Fcomments&post=9949"}],"version-history":[{"count":0,"href":"https:\/\/www.fuldaernachrichten.de\/index.php?rest_route=\/wp\/v2\/posts\/9949\/revisions"}],"wp:attachment":[{"href":"https:\/\/www.fuldaernachrichten.de\/index.php?rest_route=%2Fwp%2Fv2%2Fmedia&parent=9949"}],"wp:term":[{"taxonomy":"category","embeddable":true,"href":"https:\/\/www.fuldaernachrichten.de\/index.php?rest_route=%2Fwp%2Fv2%2Fcategories&post=9949"},{"taxonomy":"post_tag","embeddable":true,"href":"https:\/\/www.fuldaernachrichten.de\/index.php?rest_route=%2Fwp%2Fv2%2Ftags&post=9949"}],"curies":[{"name":"wp","href":"https:\/\/api.w.org\/{rel}","templated":true}]}}