{"id":99468,"date":"2012-06-15T00:25:53","date_gmt":"2012-06-15T00:25:53","guid":{"rendered":"http:\/\/www.fuldaer-nachrichten.de\/?p=99468"},"modified":"2012-06-14T08:43:19","modified_gmt":"2012-06-14T08:43:19","slug":"adoptionsvermittlungsstelle-der-landkreise-fulda-und-hersfeld-rotenburg-sowie-der-stadt-fulda-feierte-sommerfest","status":"publish","type":"post","link":"https:\/\/www.fuldaernachrichten.de\/?p=99468","title":{"rendered":"Adoptionsvermittlungsstelle der Landkreise Fulda und Hersfeld-Rotenburg sowie der Stadt Fulda feierte Sommerfest"},"content":{"rendered":"<p><a href=\"http:\/\/www.fuldaer-nachrichten.de\/wp-content\/uploads\/2012\/06\/288-Sommerfest-Adoptionsvermittlungsstelle.jpg\"><img decoding=\"async\" class=\"alignleft size-thumbnail wp-image-99469\" title=\"288-Sommerfest Adoptionsvermittlungsstelle\" src=\"http:\/\/www.fuldaer-nachrichten.de\/wp-content\/uploads\/2012\/06\/288-Sommerfest-Adoptionsvermittlungsstelle-265x176.jpg\" alt=\"\" width=\"265\" height=\"176\" srcset=\"https:\/\/www.fuldaernachrichten.de\/wp-content\/uploads\/2012\/06\/288-Sommerfest-Adoptionsvermittlungsstelle-265x176.jpg 265w, https:\/\/www.fuldaernachrichten.de\/wp-content\/uploads\/2012\/06\/288-Sommerfest-Adoptionsvermittlungsstelle.jpg 600w\" sizes=\"(max-width: 265px) 100vw, 265px\" \/><\/a>Fulda. Zum zweiten Mal feierte die gemeinsame Adoptionsvermittlungsstelle der Landkreise Fulda und Hersfeld-Rotenburg sowie der Stadt Fulda ein Sommerfest f\u00fcr Adoptiveltern und -kinder. F\u00fcr viele G\u00e4ste war das Treffen im \u201eKreisgarten\u201c ein Wiedersehen mit alten Bekannten und Freunden. F\u00fcr einige war es jedoch eine ganz neue Erfahrung.<\/p>\n<p>Foto: Max Colin Heydenreich <!--more-->\u201eWir haben zu dem Sommerfest auch Adoptivbewerber eingeladen\u201c, erz\u00e4hlt Sozialp\u00e4dagogin Ines George, \u201edenn es tut den Paaren einfach gut, in einer ungezwungenen Atmosph\u00e4re Kontakte kn\u00fcpfen, individuelle Fragen stellen und \u00fcber die eigenen Erfahrungen sprechen zu k\u00f6nnen.\u201c Sozialarbeiterin Irmgard Plappert erg\u00e4nzt: \u201eUns ist es ganz wichtig, immer wieder neue Begegnungsr\u00e4ume f\u00fcr die Bewerber, Eltern und Kinder zu schaffen &#8211; sei es in Form von Informationsabenden, begleiteten Elterngruppen oder Festen.\u201c<\/p>\n<p>Und so bekamen die Erwachsenen auch ausreichend Gelegenheit, bei Kaffee und Kuchen miteinander ins Gespr\u00e4ch zu kommen. Die ausgebildeten Kinder- und Jugendbetreuer des Landkreises Fulda sorgten unterdessen f\u00fcr Kurzweil bei den kleinen G\u00e4sten, die das abwechslungsreiche Spielangebot begeistert nutzten.<\/p>\n<p>\u201eDie Impulse, die die Eltern und Kinder bei so einem Fest bekommen, sind sehr wertvoll\u201c, unterstreichen Irmgard Plappert und Ines George, die seit knapp f\u00fcnf Jahren die gemeinsame Adoptionsvermittlungsstelle leiten. \u201eDenn das Kn\u00fcpfen neuer Kontakte, die Vernetzung der Familien untereinander und der kontinuierliche Austausch helfen dabei, das sensible und sehr pers\u00f6nlichen Thema \u00e2\u20ac\u2122Adoption\u00e2\u20ac\u2122 gut zu bew\u00e4ltigen. Unser Wunsch ist es, damit den Eltern und Kindern, aber auch der \u00d6ffentlichkeit zu vermitteln, dass Adoption etwas ganz Normales ist.\u201c<\/p>\n","protected":false},"excerpt":{"rendered":"<div class=\"tmnf_excerpt\"><p>Fulda. Zum zweiten Mal feierte die gemeinsame Adoptionsvermittlungsstelle der Landkreise Fulda und Hersfeld-Rotenburg sowie der Stadt Fulda ein Sommerfest f\u00fcr Adoptiveltern und -kinder. F\u00fcr viele G\u00e4ste war das Treffen im \u201eKreisgarten\u201c ein Wiedersehen mit alten Bekannten und Freunden. F\u00fcr einige war es jedoch eine ganz neue Erfahrung. Foto: Max Colin Heydenreich<\/p>\n<\/div>","protected":false},"author":1,"featured_media":0,"comment_status":"closed","ping_status":"closed","sticky":false,"template":"","format":"standard","meta":{"footnotes":""},"categories":[1,72],"tags":[],"class_list":["post-99468","post","type-post","status-publish","format-standard","hentry","category-startseite","category-jugend"],"_links":{"self":[{"href":"https:\/\/www.fuldaernachrichten.de\/index.php?rest_route=\/wp\/v2\/posts\/99468","targetHints":{"allow":["GET"]}}],"collection":[{"href":"https:\/\/www.fuldaernachrichten.de\/index.php?rest_route=\/wp\/v2\/posts"}],"about":[{"href":"https:\/\/www.fuldaernachrichten.de\/index.php?rest_route=\/wp\/v2\/types\/post"}],"author":[{"embeddable":true,"href":"https:\/\/www.fuldaernachrichten.de\/index.php?rest_route=\/wp\/v2\/users\/1"}],"replies":[{"embeddable":true,"href":"https:\/\/www.fuldaernachrichten.de\/index.php?rest_route=%2Fwp%2Fv2%2Fcomments&post=99468"}],"version-history":[{"count":0,"href":"https:\/\/www.fuldaernachrichten.de\/index.php?rest_route=\/wp\/v2\/posts\/99468\/revisions"}],"wp:attachment":[{"href":"https:\/\/www.fuldaernachrichten.de\/index.php?rest_route=%2Fwp%2Fv2%2Fmedia&parent=99468"}],"wp:term":[{"taxonomy":"category","embeddable":true,"href":"https:\/\/www.fuldaernachrichten.de\/index.php?rest_route=%2Fwp%2Fv2%2Fcategories&post=99468"},{"taxonomy":"post_tag","embeddable":true,"href":"https:\/\/www.fuldaernachrichten.de\/index.php?rest_route=%2Fwp%2Fv2%2Ftags&post=99468"}],"curies":[{"name":"wp","href":"https:\/\/api.w.org\/{rel}","templated":true}]}}