{"id":99464,"date":"2012-06-14T00:18:03","date_gmt":"2012-06-14T00:18:03","guid":{"rendered":"http:\/\/www.fuldaer-nachrichten.de\/?p=99464"},"modified":"2012-06-14T08:37:01","modified_gmt":"2012-06-14T08:37:01","slug":"stadt-oder-gemeinde-fur-ausrichtung-des-4-rhoner-wandertags-2013-gesucht","status":"publish","type":"post","link":"https:\/\/www.fuldaernachrichten.de\/?p=99464","title":{"rendered":"Stadt oder Gemeinde f\u00fcr Ausrichtung des 4. \u201eRh\u00f6ner Wandertags\u201c 2013 gesucht"},"content":{"rendered":"<p>Rh\u00f6n. Noch bis zum 15. Juni k\u00f6nnen sich Kommunen der bayerischen Rh\u00f6n f\u00fcr die Ausrichtung des 4. Rh\u00f6ner Wandertags 2013 bei der Regionalen Arbeitsgemeinschaft (ARGE) Rh\u00f6n bewerben. Im Juli wird das Gremium dann seine Entscheidung bekanntgeben \u2013 diejenige Gemeinde, die als Sieger hervorgeht, erh\u00e4lt die M\u00f6glichkeit, bereits auf dem 3. Rh\u00f6ner Wandertag am 28. und 29. Juli dieses Jahres in Hilders f\u00fcr sich zu werben.<!--more--><\/p>\n<p><strong><\/strong>Die ARGE Rh\u00f6n als Zusammenschluss der f\u00fcnf Rh\u00f6nlandkreise und der drei Rh\u00f6n\u00c2\u00advereine f\u00fcr eine l\u00e4nder\u00fcbergreifende Regionalentwicklung in der Rh\u00f6n verfolgt mit dem \u201eRh\u00f6ner Wandertag\u201c das Ziel, die Bekanntheit und Attraktivit\u00e4t der Rh\u00f6n als Wanderregion weiter auszubauen und damit den Tourismus in der Rh\u00f6n zu st\u00e4rken. Der \u201eRh\u00f6ner Wandertag\u201c soll jedes Jahr abwechselnd zwischen den drei Bundesl\u00e4ndern Bayern, Hessen und Th\u00fcringen ausgetragen werden. 2010 hatte er erstmals in M\u00fcnnerstadt in Bayern; ein Jahr danach im th\u00fcringischen Geisa stattgefunden. In diesem Jahr ist Hilders in Hessen der Ausrichter dieses Highlights. 2013 soll der \u201eRh\u00f6ner Wandertag\u201c am 27. und 28. Juli veranstaltet werden, also wie gewohnt am letzten Juli-Wochenende.<\/p>\n<p>\u201eMit dem Zuschlag zur Ausrichtung des Rh\u00f6ner Wandertages erh\u00e4lt die ausgew\u00e4hlte Kommune eine hervorragende Gelegenheit, sich und ihre \u00f6rtliche Tourismuswirtschaft regional und \u00fcberregional zu pr\u00e4sentieren. Neben der kostenlosen Bereitstellung einer Internethomepage und des Layouts f\u00fcr das Marketing f\u00fcr den Rh\u00f6ner Wandertag unterst\u00fctzt die ARGE Rh\u00f6n die ausrichtende Kommune durch Werbema\u00dfnahmen der regionalen Tourismusorganisationen f\u00fcr die Veranstaltung\u201c, sagt der Gesch\u00e4ftsf\u00fchrer der ARGE Rh\u00f6n, Manfred Endres.<\/p>\n<p>Diejenigen bayerischen Kommunen aus den Landkreisen Rh\u00f6n-Grabfeld und Bad Kissingen, die sich f\u00fcr die Ausrichtung des \u201eRh\u00f6ner Wandertags\u201c 2013 bewerben wollen, m\u00fcssen einige von der Regionalen Arbeitsgemeinschaft Rh\u00f6n festgelegte Kriterien erf\u00fcllen. Dazu geh\u00f6ren ein zentraler Veranstaltungsort, mindestens f\u00fcnf gef\u00fchrte Wanderungen an beiden Tagen mit unterschiedlichen Schwierigkeitsgraden und Themen sowie qualifizierten Wanderf\u00fchrern, die Durchf\u00fchrung eines Regionalmarkts in Zusammenarbeit mit der Dachmarke Rh\u00f6n, ein ansprechendes Begleitprogramm mit Festakt und Kulturveranstaltungen sowie ein professionelles Marketing.<\/p>\n<p>Interessierte St\u00e4dte und Gemeinden der bayerischen Rh\u00f6n k\u00f6nnen sich noch bis zum 15. Juni mit einem entsprechenden Grobkonzept f\u00fcr die Durchf\u00fchrung des \u201eRh\u00f6ner Wandertags\u201c 2013 bei der Gesch\u00e4ftsf\u00fchrung der ARGE Rh\u00f6n, Landratsamt Rh\u00f6n-Grabfeld, Sp\u00f6rleinstra\u00dfe 11, 97616 Bad Neustadt a. d. Saale, bewerben.<\/p>\n<p>&nbsp;<\/p>\n","protected":false},"excerpt":{"rendered":"<div class=\"tmnf_excerpt\"><p>Rh\u00f6n. Noch bis zum 15. Juni k\u00f6nnen sich Kommunen der bayerischen Rh\u00f6n f\u00fcr die Ausrichtung des 4. Rh\u00f6ner Wandertags 2013 bei der Regionalen Arbeitsgemeinschaft (ARGE) Rh\u00f6n bewerben. Im Juli wird das Gremium dann seine Entscheidung bekanntgeben \u2013 diejenige Gemeinde, die als Sieger hervorgeht, erh\u00e4lt die M\u00f6glichkeit, bereits auf dem 3. Rh\u00f6ner Wandertag am 28. und &hellip;<\/p>\n<\/div>","protected":false},"author":1,"featured_media":0,"comment_status":"closed","ping_status":"closed","sticky":false,"template":"","format":"standard","meta":{"footnotes":""},"categories":[1],"tags":[],"class_list":["post-99464","post","type-post","status-publish","format-standard","hentry","category-startseite"],"_links":{"self":[{"href":"https:\/\/www.fuldaernachrichten.de\/index.php?rest_route=\/wp\/v2\/posts\/99464","targetHints":{"allow":["GET"]}}],"collection":[{"href":"https:\/\/www.fuldaernachrichten.de\/index.php?rest_route=\/wp\/v2\/posts"}],"about":[{"href":"https:\/\/www.fuldaernachrichten.de\/index.php?rest_route=\/wp\/v2\/types\/post"}],"author":[{"embeddable":true,"href":"https:\/\/www.fuldaernachrichten.de\/index.php?rest_route=\/wp\/v2\/users\/1"}],"replies":[{"embeddable":true,"href":"https:\/\/www.fuldaernachrichten.de\/index.php?rest_route=%2Fwp%2Fv2%2Fcomments&post=99464"}],"version-history":[{"count":0,"href":"https:\/\/www.fuldaernachrichten.de\/index.php?rest_route=\/wp\/v2\/posts\/99464\/revisions"}],"wp:attachment":[{"href":"https:\/\/www.fuldaernachrichten.de\/index.php?rest_route=%2Fwp%2Fv2%2Fmedia&parent=99464"}],"wp:term":[{"taxonomy":"category","embeddable":true,"href":"https:\/\/www.fuldaernachrichten.de\/index.php?rest_route=%2Fwp%2Fv2%2Fcategories&post=99464"},{"taxonomy":"post_tag","embeddable":true,"href":"https:\/\/www.fuldaernachrichten.de\/index.php?rest_route=%2Fwp%2Fv2%2Ftags&post=99464"}],"curies":[{"name":"wp","href":"https:\/\/api.w.org\/{rel}","templated":true}]}}