{"id":9945,"date":"2008-06-18T00:22:39","date_gmt":"2008-06-17T22:22:39","guid":{"rendered":"http:\/\/www.schoene-nachrichten.de\/?p=9945"},"modified":"2008-06-18T00:22:39","modified_gmt":"2008-06-17T22:22:39","slug":"neues-fahrzeug-fuer-freiwillige-feuerwehr-fd-oberrode","status":"publish","type":"post","link":"https:\/\/www.fuldaernachrichten.de\/?p=9945","title":{"rendered":"Neues Fahrzeug f\u00fcr Freiwillige Feuerwehr FD-Oberrode"},"content":{"rendered":"<p><strong>Fulda.<\/strong> Nach dem \u201eFlorians-Gottesdienst\u201c wurde das neue Tragkraftspritzenfahrzeuges TSF-W der Freiwilligen Feuerwehr Fulda-Oberrode kirchliche gesegnet und in Dienst gestellt. Nach dem kirchlichen Segen durch Herrn Pfarrer Schneider wurde es w\u00e4hrend einer Feierstunde durch Oberb\u00fcrgermeister Gerhard M\u00f6ller offiziell \u00fcbergeben.<!--more--><\/p>\n<p>Wehrf\u00fchrer Hubert Scheel konnte neben dem Oberb\u00fcrgermeister auch den Leiter der Feuerwehr Fulda, Thomas Hinz, als Vertreter der ehrenamtlichen Kr\u00e4fte, Dieter Br\u00e4hler sowie zahlreiche weitere G\u00e4ste begr\u00fc\u00dfen.<\/p>\n<p>Im Rahmen der Fahrzeug\u00fcbergabe konnte Bruno Scheibelhut f\u00fcr 40-j\u00e4hrige Vereinsmitgliedschaft geehrt werden. Kamerad Berthold Schrimpf erhielt von Oberb\u00fcrgermeister Gerhard M\u00f6ller f\u00fcr seine 25-j\u00e4hrige T\u00e4tigkeit als Ger\u00e4tewart eine Gedenkplakette zu Ehren des Heiligen Bonifatius sowie eine Urkunde und ein Pr\u00e4sent des Wehrf\u00fchrers.<\/p>\n","protected":false},"excerpt":{"rendered":"<div class=\"tmnf_excerpt\"><p>Fulda. Nach dem \u201eFlorians-Gottesdienst\u201c wurde das neue Tragkraftspritzenfahrzeuges TSF-W der Freiwilligen Feuerwehr Fulda-Oberrode kirchliche gesegnet und in Dienst gestellt. Nach dem kirchlichen Segen durch Herrn Pfarrer Schneider wurde es w\u00e4hrend einer Feierstunde durch Oberb\u00fcrgermeister Gerhard M\u00f6ller offiziell \u00fcbergeben.<\/p>\n<\/div>","protected":false},"author":1,"featured_media":0,"comment_status":"closed","ping_status":"closed","sticky":false,"template":"","format":"standard","meta":{"footnotes":""},"categories":[1,71],"tags":[],"class_list":["post-9945","post","type-post","status-publish","format-standard","hentry","category-startseite","category-feuerwehr"],"_links":{"self":[{"href":"https:\/\/www.fuldaernachrichten.de\/index.php?rest_route=\/wp\/v2\/posts\/9945","targetHints":{"allow":["GET"]}}],"collection":[{"href":"https:\/\/www.fuldaernachrichten.de\/index.php?rest_route=\/wp\/v2\/posts"}],"about":[{"href":"https:\/\/www.fuldaernachrichten.de\/index.php?rest_route=\/wp\/v2\/types\/post"}],"author":[{"embeddable":true,"href":"https:\/\/www.fuldaernachrichten.de\/index.php?rest_route=\/wp\/v2\/users\/1"}],"replies":[{"embeddable":true,"href":"https:\/\/www.fuldaernachrichten.de\/index.php?rest_route=%2Fwp%2Fv2%2Fcomments&post=9945"}],"version-history":[{"count":0,"href":"https:\/\/www.fuldaernachrichten.de\/index.php?rest_route=\/wp\/v2\/posts\/9945\/revisions"}],"wp:attachment":[{"href":"https:\/\/www.fuldaernachrichten.de\/index.php?rest_route=%2Fwp%2Fv2%2Fmedia&parent=9945"}],"wp:term":[{"taxonomy":"category","embeddable":true,"href":"https:\/\/www.fuldaernachrichten.de\/index.php?rest_route=%2Fwp%2Fv2%2Fcategories&post=9945"},{"taxonomy":"post_tag","embeddable":true,"href":"https:\/\/www.fuldaernachrichten.de\/index.php?rest_route=%2Fwp%2Fv2%2Ftags&post=9945"}],"curies":[{"name":"wp","href":"https:\/\/api.w.org\/{rel}","templated":true}]}}