{"id":9942,"date":"2008-06-18T00:23:49","date_gmt":"2008-06-17T22:23:49","guid":{"rendered":"http:\/\/www.schoene-nachrichten.de\/?p=9942"},"modified":"2008-06-18T00:23:49","modified_gmt":"2008-06-17T22:23:49","slug":"landesvorsitzender-neugebauer-wiedergewaehlt","status":"publish","type":"post","link":"https:\/\/www.fuldaernachrichten.de\/?p=9942","title":{"rendered":"Landesvorsitzender Neugebauer wiedergew\u00e4hlt"},"content":{"rendered":"<p><strong>Fulda.<\/strong> Anl\u00e4sslich der Landesarbeitstagung des Fachverbandes der Kommunalkassenverwallter in Gie\u00dfen wurde Hermann Neugebauer, Leiter der Stadtkasse Fulda, als Landesvorsitzender wiedergew\u00e4hlt. Er steht somit weitere 4 Jahre an der Spitze des Landesverbandes Hessen, dem er bereits seit 28 Jahren angeh\u00f6rt und seit 4 Jahren vorsteht. Als Delegierter nimmt er damit auch die Interessen auf Bundesebene wahr.<!--more--><\/p>\n<p>Vor \u00fcber 150 Teilnehmern hob Neugebauer hervor, dass s\u00e4mtliche kommunalen Finanzverwaltungen durch den Umstieg von der Kameralistik ins kaufm\u00e4nnische Doppik-Verfahren aktuell am Grenzbereich ihrer Leistungsf\u00e4higkeit agierten. Hessen hatte seinen Kommunen eine Umstellungsfrist bis 1.1.2009 vorgegeben. Dies stelle alle Besch\u00e4ftigten der kommunalen Kassen vor gro\u00dfe Herausforderungen, die nur durch erh\u00f6htes pers\u00f6nliches Engagement und konzentrierte Weiterbildung bew\u00e4ltigt werden k\u00f6nnten.<\/p>\n","protected":false},"excerpt":{"rendered":"<div class=\"tmnf_excerpt\"><p>Fulda. Anl\u00e4sslich der Landesarbeitstagung des Fachverbandes der Kommunalkassenverwallter in Gie\u00dfen wurde Hermann Neugebauer, Leiter der Stadtkasse Fulda, als Landesvorsitzender wiedergew\u00e4hlt. Er steht somit weitere 4 Jahre an der Spitze des Landesverbandes Hessen, dem er bereits seit 28 Jahren angeh\u00f6rt und seit 4 Jahren vorsteht. Als Delegierter nimmt er damit auch die Interessen auf Bundesebene wahr.<\/p>\n<\/div>","protected":false},"author":1,"featured_media":0,"comment_status":"closed","ping_status":"closed","sticky":false,"template":"","format":"standard","meta":{"footnotes":""},"categories":[1,29],"tags":[],"class_list":["post-9942","post","type-post","status-publish","format-standard","hentry","category-startseite","category-politik"],"_links":{"self":[{"href":"https:\/\/www.fuldaernachrichten.de\/index.php?rest_route=\/wp\/v2\/posts\/9942","targetHints":{"allow":["GET"]}}],"collection":[{"href":"https:\/\/www.fuldaernachrichten.de\/index.php?rest_route=\/wp\/v2\/posts"}],"about":[{"href":"https:\/\/www.fuldaernachrichten.de\/index.php?rest_route=\/wp\/v2\/types\/post"}],"author":[{"embeddable":true,"href":"https:\/\/www.fuldaernachrichten.de\/index.php?rest_route=\/wp\/v2\/users\/1"}],"replies":[{"embeddable":true,"href":"https:\/\/www.fuldaernachrichten.de\/index.php?rest_route=%2Fwp%2Fv2%2Fcomments&post=9942"}],"version-history":[{"count":0,"href":"https:\/\/www.fuldaernachrichten.de\/index.php?rest_route=\/wp\/v2\/posts\/9942\/revisions"}],"wp:attachment":[{"href":"https:\/\/www.fuldaernachrichten.de\/index.php?rest_route=%2Fwp%2Fv2%2Fmedia&parent=9942"}],"wp:term":[{"taxonomy":"category","embeddable":true,"href":"https:\/\/www.fuldaernachrichten.de\/index.php?rest_route=%2Fwp%2Fv2%2Fcategories&post=9942"},{"taxonomy":"post_tag","embeddable":true,"href":"https:\/\/www.fuldaernachrichten.de\/index.php?rest_route=%2Fwp%2Fv2%2Ftags&post=9942"}],"curies":[{"name":"wp","href":"https:\/\/api.w.org\/{rel}","templated":true}]}}