{"id":9941,"date":"2008-06-18T00:22:22","date_gmt":"2008-06-17T22:22:22","guid":{"rendered":"http:\/\/www.schoene-nachrichten.de\/?p=9941"},"modified":"2008-06-18T00:22:22","modified_gmt":"2008-06-17T22:22:22","slug":"erfolgreich-auf-dem-weg-nach-oben","status":"publish","type":"post","link":"https:\/\/www.fuldaernachrichten.de\/?p=9941","title":{"rendered":"Erfolgreich auf dem Weg nach oben"},"content":{"rendered":"<p><a rel=\"lightbox[roadtrip]\" href=\"http:\/\/www.schoene-nachrichten.de\/wp-content\/uploads\/2008\/06\/2008-06-12-freisprechung-dachdecker.jpg\" target=\"_blank\"><img decoding=\"async\" class=\"alignleft size-thumbnail wp-image-9954\" title=\"2008-06-12-freisprechung-dachdecker\" src=\"http:\/\/www.schoene-nachrichten.de\/wp-content\/uploads\/2008\/06\/2008-06-12-freisprechung-dachdecker-128x85.jpg\" alt=\"\" hspace=\"5\" width=\"128\" height=\"85\" align=\"left\" \/><\/a><strong>Fulda.<\/strong> Dreieinhalb Jahre b\u00fcffeln und lernen, 3 Tage schwitzen und zittern, das Ergebnis: Acht frischgebackene Dachdecker haben jetzt nach erfolgreicher Pr\u00fcfung ihre Gesellenbriefe in Empfang genommen. Gro\u00dfes Lob f\u00fcr die jungen Gesellen kam vom Obermeister der Dachdecker-Innung Fulda, J\u00fcrgen Bug sowie von der Vorsitzenden des Gesellenpr\u00fcfungsausschusses, Dachdeckermeisterin Sabine Heurich-Olemotz.<!--more--><\/p>\n<p>Im Rahmen einer kleinen Freisprechungsfeier bescheinigten beide den Pr\u00fcflingen ein hohes Leistungsniveau. Sie h\u00e4tten sich richtig angestrengt und h\u00e4tten damit den guten Ruf der Dachdecker-Innung Fulda gest\u00e4rkt.<\/p>\n<p>So mussten die jungen Leute w\u00e4hrend der dreit\u00e4gigen Pr\u00fcfung ganz praxisnahe Aufgaben l\u00f6sen. Auf dem Programm standen das Einlatten, das Eindecken und das Montieren von Rinnen unter realen Bedingungen. Aber auch das Verkleiden von Fassaden und das richtige Decken eines Flachdaches geh\u00f6rten zum Pr\u00fcfungsprogramm.<\/p>\n<p>Als Innungsbester konnte sich Lukas Auth vom Ausbildungsbetrieb Zentgraf in Eichenzell qualifizieren. Als Anerkennung f\u00fcr seine Leistung wurde ihm vom Obermeister ein Dachdeckerhammer ausgeh\u00e4ndigt. Au\u00dferdem hat er jetzt die M\u00f6glichkeit, am Leistungswettbewerb der Deutschen Handwerksjugend teilzunehmen.<\/p>\n<p><strong>Zum Foto:<\/strong> v.l.n.r.: J\u00fcrgen Bug, Lukas Auth, Sabine Heurich-Olemotz (Bild: Kreishandwerkerschaft Fulda)<\/p>\n","protected":false},"excerpt":{"rendered":"<div class=\"tmnf_excerpt\"><p>Fulda. Dreieinhalb Jahre b\u00fcffeln und lernen, 3 Tage schwitzen und zittern, das Ergebnis: Acht frischgebackene Dachdecker haben jetzt nach erfolgreicher Pr\u00fcfung ihre Gesellenbriefe in Empfang genommen. Gro\u00dfes Lob f\u00fcr die jungen Gesellen kam vom Obermeister der Dachdecker-Innung Fulda, J\u00fcrgen Bug sowie von der Vorsitzenden des Gesellenpr\u00fcfungsausschusses, Dachdeckermeisterin Sabine Heurich-Olemotz.<\/p>\n<\/div>","protected":false},"author":1,"featured_media":0,"comment_status":"closed","ping_status":"closed","sticky":false,"template":"","format":"standard","meta":{"footnotes":""},"categories":[1],"tags":[],"class_list":["post-9941","post","type-post","status-publish","format-standard","hentry","category-startseite"],"_links":{"self":[{"href":"https:\/\/www.fuldaernachrichten.de\/index.php?rest_route=\/wp\/v2\/posts\/9941","targetHints":{"allow":["GET"]}}],"collection":[{"href":"https:\/\/www.fuldaernachrichten.de\/index.php?rest_route=\/wp\/v2\/posts"}],"about":[{"href":"https:\/\/www.fuldaernachrichten.de\/index.php?rest_route=\/wp\/v2\/types\/post"}],"author":[{"embeddable":true,"href":"https:\/\/www.fuldaernachrichten.de\/index.php?rest_route=\/wp\/v2\/users\/1"}],"replies":[{"embeddable":true,"href":"https:\/\/www.fuldaernachrichten.de\/index.php?rest_route=%2Fwp%2Fv2%2Fcomments&post=9941"}],"version-history":[{"count":0,"href":"https:\/\/www.fuldaernachrichten.de\/index.php?rest_route=\/wp\/v2\/posts\/9941\/revisions"}],"wp:attachment":[{"href":"https:\/\/www.fuldaernachrichten.de\/index.php?rest_route=%2Fwp%2Fv2%2Fmedia&parent=9941"}],"wp:term":[{"taxonomy":"category","embeddable":true,"href":"https:\/\/www.fuldaernachrichten.de\/index.php?rest_route=%2Fwp%2Fv2%2Fcategories&post=9941"},{"taxonomy":"post_tag","embeddable":true,"href":"https:\/\/www.fuldaernachrichten.de\/index.php?rest_route=%2Fwp%2Fv2%2Ftags&post=9941"}],"curies":[{"name":"wp","href":"https:\/\/api.w.org\/{rel}","templated":true}]}}