{"id":9940,"date":"2008-06-18T00:29:23","date_gmt":"2008-06-17T22:29:23","guid":{"rendered":"http:\/\/www.schoene-nachrichten.de\/?p=9940"},"modified":"2008-06-18T00:29:23","modified_gmt":"2008-06-17T22:29:23","slug":"verein-gemeinsam-leben-gemeinsam-lernen-ist-verein-des-jahres-2008","status":"publish","type":"post","link":"https:\/\/www.fuldaernachrichten.de\/?p=9940","title":{"rendered":"Verein GEMEINSAM LEBEN \u2013 GEMEINSAM LERNEN ist Verein des Jahres 2008"},"content":{"rendered":"<p><strong>Bimbach.<\/strong> Der Verein GEMEINSAM LEBEN \u2013 GEMEINSAM LERNEN ist im Finale gegen den Musikverein Steinau Steinhaus als Sieger hervor gegangen und wurde somit in der Sendereihe des hr4, &#8211; Mein Verein stellt sich vor -, die sonntags von 15.00 Uhr bis 17.00 Uhr live ausgestrahlt wird, Verein des Jahres 2008.<\/p>\n<p><a rel=\"lightbox[roadtrip]\" href=\"http:\/\/www.schoene-nachrichten.de\/wp-content\/uploads\/2008\/06\/pict3072.jpg\" target=\"_blank\"><img decoding=\"async\" class=\"alignleft size-thumbnail wp-image-9959\" title=\"pict3072\" src=\"http:\/\/www.schoene-nachrichten.de\/wp-content\/uploads\/2008\/06\/pict3072-128x85.jpg\" alt=\"\" width=\"128\" height=\"85\" srcset=\"https:\/\/www.fuldaernachrichten.de\/wp-content\/uploads\/2008\/06\/pict3072-128x85.jpg 128w, https:\/\/www.fuldaernachrichten.de\/wp-content\/uploads\/2008\/06\/pict3072.jpg 592w\" sizes=\"(max-width: 128px) 100vw, 128px\" \/><\/a> <a rel=\"lightbox[roadtrip]\" href=\"http:\/\/www.schoene-nachrichten.de\/wp-content\/uploads\/2008\/06\/pict3074.jpg\" target=\"_blank\"><img decoding=\"async\" class=\"alignleft size-thumbnail wp-image-9960\" title=\"pict3074\" src=\"http:\/\/www.schoene-nachrichten.de\/wp-content\/uploads\/2008\/06\/pict3074-128x85.jpg\" alt=\"\" width=\"128\" height=\"85\" srcset=\"https:\/\/www.fuldaernachrichten.de\/wp-content\/uploads\/2008\/06\/pict3074-128x85.jpg 128w, https:\/\/www.fuldaernachrichten.de\/wp-content\/uploads\/2008\/06\/pict3074.jpg 592w\" sizes=\"(max-width: 128px) 100vw, 128px\" \/><\/a> <a rel=\"lightbox[roadtrip]\" href=\"http:\/\/www.schoene-nachrichten.de\/wp-content\/uploads\/2008\/06\/pict3111.jpg\" target=\"_blank\"><img decoding=\"async\" class=\"alignleft size-thumbnail wp-image-9961\" title=\"pict3111\" src=\"http:\/\/www.schoene-nachrichten.de\/wp-content\/uploads\/2008\/06\/pict3111-128x85.jpg\" alt=\"\" width=\"128\" height=\"85\" srcset=\"https:\/\/www.fuldaernachrichten.de\/wp-content\/uploads\/2008\/06\/pict3111-128x85.jpg 128w, https:\/\/www.fuldaernachrichten.de\/wp-content\/uploads\/2008\/06\/pict3111.jpg 592w\" sizes=\"(max-width: 128px) 100vw, 128px\" \/><!--more--><\/a><\/p>\n<p>Es war schon ein Novum, dass zwei Fuldaer Vereine sich f\u00fcr das Finale platzierten, um dann in der Kelterei Heil in Laubuseschbach gegeneinander anzutreten. Auch dieses Mal mussten zur Ermittlung des Vereins des Jahres verschiedene Aufgaben gel\u00f6st werden. So wurde beiden Vereinen in der 48-Stundenaufgabe aufgegeben, f\u00fcr die Sendung 5 verschiedene Zwerge mit verschiedenen Utensilien auszustatten. Hier zeigte sich der Einfallsreichtum der Mitglieder, die durch Kontakte zu anderen Vereinen die Kleidungsst\u00fccke organisierten. Diese Aufgabe bot auch eine hervorragende M\u00f6glichkeit, Menschen mit Behinderung einzubeziehen.<\/p>\n<p>Rechtzeitig zur Sendung erschienen die Mitglieder des Vereins in der Kelterei Heil in Laubuseschbach und inspizierten die \u00d6rtlichkeiten der Kelterei. Juniorchef Martin Heil begr\u00fc\u00dfte die Truppe au\u00dferordentlich freundlich. Die Sendung moderierte Werner Lohr, das Team des Musikvereins Steinau Steinhaus wurde von der Moderatorin Britta Wiegand, das Team von GL GL von Rainer Janke begleitet.<\/p>\n<p>Bei den Disziplinen mit dem Apfelquiz 10 Fragen, Keltern von 1 Liter Apfelsaft und Schie\u00dfen mit der Armbrust auf 3 \u00c4pfel hatten die Teams des Vereins Gemeinsam Leben \u2013 Gemeinsam Lernen einen knappen Vorsprung gegen\u00fcber dem Musikverein Steinau Steinhaus erzielt, so dass unter gro\u00dfem Beifall Gemeinsam Leben \u2013 Gemeinsam Lernen zum Verein des Jahres 2008 gek\u00fcrt wurde.<\/p>\n<p><a rel=\"lightbox[roadtrip]\" href=\"http:\/\/www.schoene-nachrichten.de\/wp-content\/uploads\/2008\/06\/pict3174.jpg\" target=\"_blank\"><img loading=\"lazy\" decoding=\"async\" class=\"alignleft size-thumbnail wp-image-9964\" title=\"pict3174\" src=\"http:\/\/www.schoene-nachrichten.de\/wp-content\/uploads\/2008\/06\/pict3174-128x85.jpg\" alt=\"\" width=\"128\" height=\"85\" srcset=\"https:\/\/www.fuldaernachrichten.de\/wp-content\/uploads\/2008\/06\/pict3174-128x85.jpg 128w, https:\/\/www.fuldaernachrichten.de\/wp-content\/uploads\/2008\/06\/pict3174.jpg 592w\" sizes=\"(max-width: 128px) 100vw, 128px\" \/><\/a> <a rel=\"lightbox[roadtrip]\" href=\"http:\/\/www.schoene-nachrichten.de\/wp-content\/uploads\/2008\/06\/pict3148.jpg\" target=\"_blank\"><img loading=\"lazy\" decoding=\"async\" class=\"alignleft size-thumbnail wp-image-9963\" title=\"pict3148\" src=\"http:\/\/www.schoene-nachrichten.de\/wp-content\/uploads\/2008\/06\/pict3148-128x85.jpg\" alt=\"\" width=\"128\" height=\"85\" srcset=\"https:\/\/www.fuldaernachrichten.de\/wp-content\/uploads\/2008\/06\/pict3148-128x85.jpg 128w, https:\/\/www.fuldaernachrichten.de\/wp-content\/uploads\/2008\/06\/pict3148.jpg 592w\" sizes=\"(max-width: 128px) 100vw, 128px\" \/><\/a> <a rel=\"lightbox[roadtrip]\" href=\"http:\/\/www.schoene-nachrichten.de\/wp-content\/uploads\/2008\/06\/pict3134.jpg\" target=\"_blank\"><img loading=\"lazy\" decoding=\"async\" class=\"alignleft size-thumbnail wp-image-9962\" title=\"pict3134\" src=\"http:\/\/www.schoene-nachrichten.de\/wp-content\/uploads\/2008\/06\/pict3134-128x85.jpg\" alt=\"\" width=\"128\" height=\"85\" srcset=\"https:\/\/www.fuldaernachrichten.de\/wp-content\/uploads\/2008\/06\/pict3134-128x85.jpg 128w, https:\/\/www.fuldaernachrichten.de\/wp-content\/uploads\/2008\/06\/pict3134.jpg 592w\" sizes=\"(max-width: 128px) 100vw, 128px\" \/><\/a><\/p>\n<p>Martin Heil von der Kelterei Heil \u00fcbergab den Siegerpreis in H\u00f6he von 6000 \u00e2\u201a\u00ac an den Vorsitzenden des Vereins Helmut Blum und 3000 \u00e2\u201a\u00ac an den Musikverein Steinau Steinhaus. Dar\u00fcber hinaus lud die Kelterei Heil die Teilnehmer noch zum gem\u00fctlichen Beisammensein bei Speis und Trank ein.<\/p>\n<p>Helmut Blum dankte dem Team des Hessischen Rundfunks f\u00fcr die tolle Sendereihe. Die Sendung habe das Anliegen des Vereins, n\u00e4mlich die Integration von Menschen mit Behinderung in der \u00d6ffentlichkeit bewusster zu machen, sehr geholfen. Den Siegerpreis wolle man f\u00fcr das Projekt \u201eArche Noah\u201c verwenden, ein Haus f\u00fcr Betreutes Wohnen in Bimbach. Der Musikverein Steinau Steinhaus erkl\u00e4rte sich spontan bereit, anl\u00e4sslich der Er\u00f6ffnung mitzuwirken.<\/p>\n<p>Die Mitglieder des Blasorchesters Bonbaden, die im Halbfinale gegen den Verein GEMEINSAM LEBEN \u2013 GEMEINSAM LERNEN ausgeschieden waren, lie\u00dfen sich es sich nicht nehmen, zum Finale zu erscheinen und den Verein GL GL lautstark zu unterst\u00fctzen. Helmut Blum lobte diese faire Geste und dankte den Bonbadener f\u00fcr ihr Kommen.<\/p>\n","protected":false},"excerpt":{"rendered":"<div class=\"tmnf_excerpt\"><p>Bimbach. Der Verein GEMEINSAM LEBEN \u2013 GEMEINSAM LERNEN ist im Finale gegen den Musikverein Steinau Steinhaus als Sieger hervor gegangen und wurde somit in der Sendereihe des hr4, &#8211; Mein Verein stellt sich vor -, die sonntags von 15.00 Uhr bis 17.00 Uhr live ausgestrahlt wird, Verein des Jahres 2008.<\/p>\n<\/div>","protected":false},"author":1,"featured_media":0,"comment_status":"closed","ping_status":"closed","sticky":false,"template":"","format":"standard","meta":{"footnotes":""},"categories":[1,44],"tags":[],"class_list":["post-9940","post","type-post","status-publish","format-standard","hentry","category-startseite","category-kultur"],"_links":{"self":[{"href":"https:\/\/www.fuldaernachrichten.de\/index.php?rest_route=\/wp\/v2\/posts\/9940","targetHints":{"allow":["GET"]}}],"collection":[{"href":"https:\/\/www.fuldaernachrichten.de\/index.php?rest_route=\/wp\/v2\/posts"}],"about":[{"href":"https:\/\/www.fuldaernachrichten.de\/index.php?rest_route=\/wp\/v2\/types\/post"}],"author":[{"embeddable":true,"href":"https:\/\/www.fuldaernachrichten.de\/index.php?rest_route=\/wp\/v2\/users\/1"}],"replies":[{"embeddable":true,"href":"https:\/\/www.fuldaernachrichten.de\/index.php?rest_route=%2Fwp%2Fv2%2Fcomments&post=9940"}],"version-history":[{"count":0,"href":"https:\/\/www.fuldaernachrichten.de\/index.php?rest_route=\/wp\/v2\/posts\/9940\/revisions"}],"wp:attachment":[{"href":"https:\/\/www.fuldaernachrichten.de\/index.php?rest_route=%2Fwp%2Fv2%2Fmedia&parent=9940"}],"wp:term":[{"taxonomy":"category","embeddable":true,"href":"https:\/\/www.fuldaernachrichten.de\/index.php?rest_route=%2Fwp%2Fv2%2Fcategories&post=9940"},{"taxonomy":"post_tag","embeddable":true,"href":"https:\/\/www.fuldaernachrichten.de\/index.php?rest_route=%2Fwp%2Fv2%2Ftags&post=9940"}],"curies":[{"name":"wp","href":"https:\/\/api.w.org\/{rel}","templated":true}]}}