{"id":99106,"date":"2012-06-18T00:23:14","date_gmt":"2012-06-18T00:23:14","guid":{"rendered":"http:\/\/www.fuldaer-nachrichten.de\/?p=99106"},"modified":"2012-06-18T13:51:11","modified_gmt":"2012-06-18T13:51:11","slug":"kreuzkirche-feiert-grundsteinlegung-mit-gemeinde-und-ehrengasten","status":"publish","type":"post","link":"https:\/\/www.fuldaernachrichten.de\/?p=99106","title":{"rendered":"Kreuzkirche feiert Grundsteinlegung mit Gemeinde und Ehreng\u00e4sten"},"content":{"rendered":"<p>Fulda. Die Evangelische Kreuzkirche in Fulda-Neuenberg hat ein gro\u00dfes Ziel bereits erreicht. Der 200m\u00c2\u00b2 gro\u00dfe Erweiterungsbau hat begonnen und am Freitag, 22.6.2012, um 11.00 Uhr, wird der Grundstein f\u00fcr den rund 750.000\u00e2\u201a\u00ac teuren Anbau gelegt. \u201eWir freuen uns, dass auch Gemeindeglieder kommen werden, die schon 1964 beim ersten Spatenstich der Kreuzkirche dabei waren\u201c, so Pfarrer Stefan B\u00fcrger. Eingeladen seien neben der Gemeinde auch Pers\u00f6nlichkeiten des \u00f6ffentlichen Lebens.<!--more-->Dekan Bengt Seeberg wird mit einer Andacht beginnen, Propst Bernd B\u00f6ttner von der Landeskirche gr\u00fc\u00dfen, sowie Stadtbaur\u00e4tin und Ehrenmitglied des F\u00f6rdervereins \u201eZukunft bauen\u201c Cornelia Zuschke f\u00fcr die st\u00e4dtische und baufachliche Seite sprechen. Schon im Fr\u00fchjahrsgemeindebrief der Kreuzkirche hatte Propst B\u00f6ttner bekundet: \u201eIch bin begeistert von den Pl\u00e4nen zum Umbau der Kreuzkirche und ermutige die Verantwortlichen, den mit Herzblut eingeschlagenen Weg weiterzugehen.\u201c<\/p>\n<p>B\u00fcrger empfindet sein Kommen als positives Signal der Landeskirche, die hinter dem Bauvorhaben st\u00fcnde und mit 180.000\u00e2\u201a\u00ac dazu beitrage. Die Verantwortlichen der Gemeinde laden herzlich ein und bitten aus organisatorischen Gr\u00fcnden um vorherige Anmeldung per Telefon (0661-75850; B\u00fcrozeiten Pfarrb\u00fcro: Di 9.30-11.00 Uhr; Mi+Do 15-17 Uhr) oder Mail (pfarramt.fulda-kreuzkirche@ekkw.de).<\/p>\n","protected":false},"excerpt":{"rendered":"<div class=\"tmnf_excerpt\"><p>Fulda. Die Evangelische Kreuzkirche in Fulda-Neuenberg hat ein gro\u00dfes Ziel bereits erreicht. Der 200m\u00c2\u00b2 gro\u00dfe Erweiterungsbau hat begonnen und am Freitag, 22.6.2012, um 11.00 Uhr, wird der Grundstein f\u00fcr den rund 750.000\u00e2\u201a\u00ac teuren Anbau gelegt. \u201eWir freuen uns, dass auch Gemeindeglieder kommen werden, die schon 1964 beim ersten Spatenstich der Kreuzkirche dabei waren\u201c, so Pfarrer &hellip;<\/p>\n<\/div>","protected":false},"author":1,"featured_media":0,"comment_status":"closed","ping_status":"closed","sticky":false,"template":"","format":"standard","meta":{"footnotes":""},"categories":[1,50],"tags":[],"class_list":["post-99106","post","type-post","status-publish","format-standard","hentry","category-startseite","category-kirche"],"_links":{"self":[{"href":"https:\/\/www.fuldaernachrichten.de\/index.php?rest_route=\/wp\/v2\/posts\/99106","targetHints":{"allow":["GET"]}}],"collection":[{"href":"https:\/\/www.fuldaernachrichten.de\/index.php?rest_route=\/wp\/v2\/posts"}],"about":[{"href":"https:\/\/www.fuldaernachrichten.de\/index.php?rest_route=\/wp\/v2\/types\/post"}],"author":[{"embeddable":true,"href":"https:\/\/www.fuldaernachrichten.de\/index.php?rest_route=\/wp\/v2\/users\/1"}],"replies":[{"embeddable":true,"href":"https:\/\/www.fuldaernachrichten.de\/index.php?rest_route=%2Fwp%2Fv2%2Fcomments&post=99106"}],"version-history":[{"count":1,"href":"https:\/\/www.fuldaernachrichten.de\/index.php?rest_route=\/wp\/v2\/posts\/99106\/revisions"}],"predecessor-version":[{"id":99561,"href":"https:\/\/www.fuldaernachrichten.de\/index.php?rest_route=\/wp\/v2\/posts\/99106\/revisions\/99561"}],"wp:attachment":[{"href":"https:\/\/www.fuldaernachrichten.de\/index.php?rest_route=%2Fwp%2Fv2%2Fmedia&parent=99106"}],"wp:term":[{"taxonomy":"category","embeddable":true,"href":"https:\/\/www.fuldaernachrichten.de\/index.php?rest_route=%2Fwp%2Fv2%2Fcategories&post=99106"},{"taxonomy":"post_tag","embeddable":true,"href":"https:\/\/www.fuldaernachrichten.de\/index.php?rest_route=%2Fwp%2Fv2%2Ftags&post=99106"}],"curies":[{"name":"wp","href":"https:\/\/api.w.org\/{rel}","templated":true}]}}