{"id":9909,"date":"2008-06-17T00:08:40","date_gmt":"2008-06-16T22:08:40","guid":{"rendered":"http:\/\/www.schoene-nachrichten.de\/?p=9909"},"modified":"2008-06-16T22:30:26","modified_gmt":"2008-06-16T20:30:26","slug":"altenpflegeschule-in-alsfeld-arbeitet-mit-institut-auditorium-zusammen","status":"publish","type":"post","link":"https:\/\/www.fuldaernachrichten.de\/?p=9909","title":{"rendered":"Altenpflegeschule in Alsfeld arbeitet mit Institut &#8220;Auditorium&#8221; zusammen"},"content":{"rendered":"<p><a rel=\"lightbox[roadtrip]\" href=\"http:\/\/www.schoene-nachrichten.de\/wp-content\/uploads\/2008\/06\/luherb.jpg\" target=\"_blank\"><img decoding=\"async\" class=\"alignleft size-thumbnail wp-image-9910\" title=\"luherb\" src=\"http:\/\/www.schoene-nachrichten.de\/wp-content\/uploads\/2008\/06\/luherb-128x85.jpg\" alt=\"\" hspace=\"5\" width=\"128\" height=\"85\" align=\"left\" \/><\/a><strong>Vogelsbergkreis.<\/strong> Wer sich in der Altenpflegeschule zur Mentorin weiterbildet, hat k\u00fcnftig beste M\u00f6glichkeiten, durch Anschluss-Module die Qualifikation Pflegedienstleitung bis hin zur Heimleitung zu erwerben. M\u00f6glich wird dies durch eine Kooperationsvereinbarung der Schule mit dem Institut &#8220;Auditorium&#8221; in Nordrhein-Westfalen, das den Seminarblock &#8220;Mentorin&#8221; der Alsfelder Schule als vollwertiges erstes Modul ihres eigenen Weiterbildungskonzepts anerkennt. Dies teilt die Leiterin der Aenne-und-Konrad-Geisel-Schule, Monika Luh, mit. Sie hat vor wenigen Tagen eine entsprechende Vereinbarung mit dem Gesch\u00e4ftsf\u00fchrer von &#8220;Auditorium&#8221;, Manfred Erb, getroffen.<!--more--><\/p>\n<p>Die Altenpflegeschule in Alsfeld bildet seit 24 Jahren Altenpflegesch\u00fclerinnen und -sch\u00fcler aus. Die Schule qualifiziert bisher bereits durch Weiterbildungsma\u00dfnahmen Wohnbereichsleitungen und Mentoren. Durch die Zusammenarbeit mit dem &#8220;AUDITORIUM s\u00fcdwestfalen&#8221;, einem \u00fcbergeordneten Bildungs- und Beratungsunternehmen, das in Nordrhein-Westfalen, Rheinland-Pfalz und vor allem auch in Hessen Bildungsma\u00dfnahmen anbietet (unter anderem Pflegedienstleitung, Heimleitung, Qualit\u00e4tsmanagementbeauftragte) werden zuk\u00fcnftig alle f\u00fcr die Altenpflege praxisrelevanten Kompetenzen in gemeinsamer Hand vermittelt. Die Bildungsma\u00dfnahmen sind staatlich anerkannt, nach DIN EIN ISO 9001 zertifiziert und unterliegen h\u00f6chstem Qualit\u00e4tsstandard, betonen Monika Luh und Manfred Erb.<\/p>\n<p>Informationen \u00fcber das Weiterbildungskonzept sind erh\u00e4ltlich beim &#8220;AUDITORIUM s\u00fcdwestfalen &#8211; Fachinstitut f\u00fcr Fort- und Weiterbildung im sozialen Dienstleistungsbereich, insbesondere Alten- und Krankenpflege&#8221; &#8211; unter www.auditorium-suedwestfalen.de, Telefon: 0271\/3937541, oder bei der Aenne-und-Konrad-Geisel-Schule unter www.pflege-schule.de, Telefon: 06631\/1320.<\/p>\n<p><strong>Zum Foto:<\/strong> Modulare Zusammenarbeit in der Qualifikation von Pflegefachpersonal vereinbart &#8211; unser Foto zeigt Schulleiterin Monika Luh und Auditorium-Gesch\u00e4ftsf\u00fchrer Manfred Erb.<br \/>\nFoto: Pressestelle Vogelsbergkreis<\/p>\n","protected":false},"excerpt":{"rendered":"<div class=\"tmnf_excerpt\"><p>Vogelsbergkreis. Wer sich in der Altenpflegeschule zur Mentorin weiterbildet, hat k\u00fcnftig beste M\u00f6glichkeiten, durch Anschluss-Module die Qualifikation Pflegedienstleitung bis hin zur Heimleitung zu erwerben. M\u00f6glich wird dies durch eine Kooperationsvereinbarung der Schule mit dem Institut &#8220;Auditorium&#8221; in Nordrhein-Westfalen, das den Seminarblock &#8220;Mentorin&#8221; der Alsfelder Schule als vollwertiges erstes Modul ihres eigenen Weiterbildungskonzepts anerkennt. Dies teilt &hellip;<\/p>\n<\/div>","protected":false},"author":1,"featured_media":0,"comment_status":"closed","ping_status":"closed","sticky":false,"template":"","format":"standard","meta":{"footnotes":""},"categories":[1,29],"tags":[],"class_list":["post-9909","post","type-post","status-publish","format-standard","hentry","category-startseite","category-politik"],"_links":{"self":[{"href":"https:\/\/www.fuldaernachrichten.de\/index.php?rest_route=\/wp\/v2\/posts\/9909","targetHints":{"allow":["GET"]}}],"collection":[{"href":"https:\/\/www.fuldaernachrichten.de\/index.php?rest_route=\/wp\/v2\/posts"}],"about":[{"href":"https:\/\/www.fuldaernachrichten.de\/index.php?rest_route=\/wp\/v2\/types\/post"}],"author":[{"embeddable":true,"href":"https:\/\/www.fuldaernachrichten.de\/index.php?rest_route=\/wp\/v2\/users\/1"}],"replies":[{"embeddable":true,"href":"https:\/\/www.fuldaernachrichten.de\/index.php?rest_route=%2Fwp%2Fv2%2Fcomments&post=9909"}],"version-history":[{"count":0,"href":"https:\/\/www.fuldaernachrichten.de\/index.php?rest_route=\/wp\/v2\/posts\/9909\/revisions"}],"wp:attachment":[{"href":"https:\/\/www.fuldaernachrichten.de\/index.php?rest_route=%2Fwp%2Fv2%2Fmedia&parent=9909"}],"wp:term":[{"taxonomy":"category","embeddable":true,"href":"https:\/\/www.fuldaernachrichten.de\/index.php?rest_route=%2Fwp%2Fv2%2Fcategories&post=9909"},{"taxonomy":"post_tag","embeddable":true,"href":"https:\/\/www.fuldaernachrichten.de\/index.php?rest_route=%2Fwp%2Fv2%2Ftags&post=9909"}],"curies":[{"name":"wp","href":"https:\/\/api.w.org\/{rel}","templated":true}]}}