{"id":99064,"date":"2012-06-05T00:10:02","date_gmt":"2012-06-05T00:10:02","guid":{"rendered":"http:\/\/www.fuldaer-nachrichten.de\/?p=99064"},"modified":"2012-06-04T18:55:49","modified_gmt":"2012-06-04T18:55:49","slug":"touristische-arbeitsgemeinschaft-die-rhoner-prasentiert-urlaub-im-land-der-offenen-fernen-auf-dem-hessentag-in-wetzlar","status":"publish","type":"post","link":"https:\/\/www.fuldaernachrichten.de\/?p=99064","title":{"rendered":"Touristische Arbeitsgemeinschaft \u201eDie Rh\u00f6ner\u201c pr\u00e4sentiert Urlaub  im \u201eLand der offenen Fernen\u201c auf dem Hessentag in Wetzlar"},"content":{"rendered":"<p><a href=\"http:\/\/www.fuldaer-nachrichten.de\/wp-content\/uploads\/2012\/06\/IMG_0960.jpg\"><img decoding=\"async\" class=\"alignleft size-thumbnail wp-image-99065\" title=\"IMG_0960\" src=\"http:\/\/www.fuldaer-nachrichten.de\/wp-content\/uploads\/2012\/06\/IMG_0960-265x96.jpg\" alt=\"\" width=\"265\" height=\"96\" srcset=\"https:\/\/www.fuldaernachrichten.de\/wp-content\/uploads\/2012\/06\/IMG_0960-265x96.jpg 265w, https:\/\/www.fuldaernachrichten.de\/wp-content\/uploads\/2012\/06\/IMG_0960.jpg 600w\" sizes=\"(max-width: 265px) 100vw, 265px\" \/><\/a>Tann. Die Touristische Arbeitsgemeinschaft \u201eDie Rh\u00f6ner\u201c, rund um die 7 St\u00e4dte und Gemeinden Ebersburg, Ehrenberg, Gersfeld, Hilders, Hofbieber, Poppenhausen und Tann, pr\u00e4sentiert sich in der Zeit vom 01. bis 10 Juni 2012 auf dem Hessentag in Wetzlar um gemeinsam f\u00fcr die Hessische Rh\u00f6n zu werben. Das Topthema ist der Rh\u00f6ner Wandertag vom 28. und 29. Juli 2012 in Hilders. Sommer- und Herbsturlauber werden weiterhin \u00fcber Urlaub auf dem Land mit Rad- und Wanderwegen, Nordic-Walking-Strecken oder \u00e4hnlichen Freizeitangeboten beraten. Ganz neu erhalten die Besucher die \u201eRh\u00f6ner Aktiv- und Erlebniswelt\u201c, welche zusammen mit den aktuellen Imagebrosch\u00fcren der jeweiligen Rh\u00f6ner Gemeinden sowie der 16. Ausgabe des TourismusMagazins bereit liegt. Hilders, Poppenhausen und Tann werden au\u00dferdem wieder mit zahlreichen Fu\u00dfgruppen und Motivwagen an dem diesj\u00e4hrigen Festzug teilnehmen und zeigen eine bunte Mischung aus Brauchtum und Moderne sowie sehenswerten und kulinarischen Besonderheiten. Weitere Informationen unter: <a href=\"http:\/\/www.dierhoener.de\" target=\"_blank\">www.dierhoener.de<\/a><\/p>\n","protected":false},"excerpt":{"rendered":"<div class=\"tmnf_excerpt\"><p>Tann. Die Touristische Arbeitsgemeinschaft \u201eDie Rh\u00f6ner\u201c, rund um die 7 St\u00e4dte und Gemeinden Ebersburg, Ehrenberg, Gersfeld, Hilders, Hofbieber, Poppenhausen und Tann, pr\u00e4sentiert sich in der Zeit vom 01. bis 10 Juni 2012 auf dem Hessentag in Wetzlar um gemeinsam f\u00fcr die Hessische Rh\u00f6n zu werben. Das Topthema ist der Rh\u00f6ner Wandertag vom 28. und 29. &hellip;<\/p>\n<\/div>","protected":false},"author":1,"featured_media":0,"comment_status":"closed","ping_status":"closed","sticky":false,"template":"","format":"standard","meta":{"footnotes":""},"categories":[1,52],"tags":[],"class_list":["post-99064","post","type-post","status-publish","format-standard","hentry","category-startseite","category-umwelt"],"_links":{"self":[{"href":"https:\/\/www.fuldaernachrichten.de\/index.php?rest_route=\/wp\/v2\/posts\/99064","targetHints":{"allow":["GET"]}}],"collection":[{"href":"https:\/\/www.fuldaernachrichten.de\/index.php?rest_route=\/wp\/v2\/posts"}],"about":[{"href":"https:\/\/www.fuldaernachrichten.de\/index.php?rest_route=\/wp\/v2\/types\/post"}],"author":[{"embeddable":true,"href":"https:\/\/www.fuldaernachrichten.de\/index.php?rest_route=\/wp\/v2\/users\/1"}],"replies":[{"embeddable":true,"href":"https:\/\/www.fuldaernachrichten.de\/index.php?rest_route=%2Fwp%2Fv2%2Fcomments&post=99064"}],"version-history":[{"count":0,"href":"https:\/\/www.fuldaernachrichten.de\/index.php?rest_route=\/wp\/v2\/posts\/99064\/revisions"}],"wp:attachment":[{"href":"https:\/\/www.fuldaernachrichten.de\/index.php?rest_route=%2Fwp%2Fv2%2Fmedia&parent=99064"}],"wp:term":[{"taxonomy":"category","embeddable":true,"href":"https:\/\/www.fuldaernachrichten.de\/index.php?rest_route=%2Fwp%2Fv2%2Fcategories&post=99064"},{"taxonomy":"post_tag","embeddable":true,"href":"https:\/\/www.fuldaernachrichten.de\/index.php?rest_route=%2Fwp%2Fv2%2Ftags&post=99064"}],"curies":[{"name":"wp","href":"https:\/\/api.w.org\/{rel}","templated":true}]}}