{"id":9906,"date":"2008-06-17T00:34:56","date_gmt":"2008-06-16T22:34:56","guid":{"rendered":"http:\/\/www.schoene-nachrichten.de\/?p=9906"},"modified":"2008-06-16T22:32:46","modified_gmt":"2008-06-16T20:32:46","slug":"dioezesantag-der-kirchlichen-buechereiarbeit","status":"publish","type":"post","link":"https:\/\/www.fuldaernachrichten.de\/?p=9906","title":{"rendered":"Di\u00f6zesantag der kirchlichen B\u00fcchereiarbeit"},"content":{"rendered":"<p><a rel=\"lightbox[roadtrip]\" href=\"http:\/\/www.schoene-nachrichten.de\/wp-content\/uploads\/2008\/06\/grundausbildung-buchereiarbeit-2008.jpg\" target=\"_blank\"><img decoding=\"async\" class=\"alignleft size-thumbnail wp-image-9912\" title=\"grundausbildung-buchereiarbeit-2008\" src=\"http:\/\/www.schoene-nachrichten.de\/wp-content\/uploads\/2008\/06\/grundausbildung-buchereiarbeit-2008-128x85.jpg\" alt=\"\" hspace=\"5\" width=\"128\" height=\"85\" align=\"left\" \/><\/a><strong>Fulda\/Hanau\/Marburg\/Kassel. <\/strong>70 Teilnehmerinnen und Teilnehmer waren zum Di\u00f6zesantag der kirchlichen B\u00fcchereiarbeit ins Fuldaer Bonifatiushaus gekommen, um sich am  Vormittag \u00fcber neue Ergebnisse der Mediennutzung zu informieren. Dr. Kristina Pfarr vom Institut f\u00fcr Lese- und Medienforschung referierte \u00fcber aktuelle Befunde zum Lese- und Medienverhalten.<!--more--><\/p>\n<p>Am Nachmittag gab es verschiedene Themen und Angebote zur Praxis, wie etwa Literaturgespr\u00e4chskreise von Fachstellenleiter Andreas Greif. Theaterp\u00e4dagogin Liora Hilb stellte ihr Projekt \u201eLesescout\u201c vor und gab den Teilnehmern wertvolle Ratschl\u00e4ge, wie eine spannende Vorlesesituation geschaffen werden kann. Im dritten Workshop erarbeiteten die B\u00fcchereimitarbeiter gemeinsam mit Fachstellen-Mitarbeiterin Andrea D\u00e4nner Buchpr\u00e4sentationen mit Pfiff f\u00fcr Erwachsene.<\/p>\n<p>Weiterhin konnten an diesem Tag 16 Zertifikate f\u00fcr die Absolventen des \u201eBasis-12-Seminars verliehen werden. Insgesamt hatten 19 B\u00fcchereimitarbeiter das Grundausbildungsseminar f\u00fcr die B\u00fcchereiarbeit absolviert und sich in alle relevanten Bereiche der B\u00fcchereiarbeit eingearbeitet. Tanja Wolf und Regina Schilling aus Bad Soden-Salm\u00fcnster erhielten eine Urkunde. Von der B\u00fccherei Jo\u00dfgrund-Pfaffenhausen waren Annette und Rita Hagemann, Birgit Sinsel und Sigrid Wolf gekommen.<\/p>\n<p>Das Stadtgebiet Fulda war mit Sophia Wagner (Horas), Annette Rohde (G\u00e4serzell) sowie Nicole Zecchin (Zentralb\u00fccherei) und Kirstin Leitsch (K\u00d6B St. Pius) anwesend. Die K\u00fcnzeller B\u00fcchereien vertraten Harald Heil, Katja Schmidt und Martina Schenkel. Weiterhin konnten Eva-Maria M\u00fcller (Schwarzbach), Beate Mahr (Mittelkalbach), Eleonore Mikusch und Christa Krippner (beide Hilders) das Zertifikat entgegennehmen. Hans-Peter Goldbach aus B\u00fcchenberg und Birgit Fr\u00f6hlich aus Margretenhaun konnten nicht anwesend sein, sie erhalten die Auszeichnung per Post. (bpf)<\/p>\n","protected":false},"excerpt":{"rendered":"<div class=\"tmnf_excerpt\"><p>Fulda\/Hanau\/Marburg\/Kassel. 70 Teilnehmerinnen und Teilnehmer waren zum Di\u00f6zesantag der kirchlichen B\u00fcchereiarbeit ins Fuldaer Bonifatiushaus gekommen, um sich am Vormittag \u00fcber neue Ergebnisse der Mediennutzung zu informieren. Dr. Kristina Pfarr vom Institut f\u00fcr Lese- und Medienforschung referierte \u00fcber aktuelle Befunde zum Lese- und Medienverhalten.<\/p>\n<\/div>","protected":false},"author":1,"featured_media":0,"comment_status":"closed","ping_status":"closed","sticky":false,"template":"","format":"standard","meta":{"footnotes":""},"categories":[1,50],"tags":[],"class_list":["post-9906","post","type-post","status-publish","format-standard","hentry","category-startseite","category-kirche"],"_links":{"self":[{"href":"https:\/\/www.fuldaernachrichten.de\/index.php?rest_route=\/wp\/v2\/posts\/9906","targetHints":{"allow":["GET"]}}],"collection":[{"href":"https:\/\/www.fuldaernachrichten.de\/index.php?rest_route=\/wp\/v2\/posts"}],"about":[{"href":"https:\/\/www.fuldaernachrichten.de\/index.php?rest_route=\/wp\/v2\/types\/post"}],"author":[{"embeddable":true,"href":"https:\/\/www.fuldaernachrichten.de\/index.php?rest_route=\/wp\/v2\/users\/1"}],"replies":[{"embeddable":true,"href":"https:\/\/www.fuldaernachrichten.de\/index.php?rest_route=%2Fwp%2Fv2%2Fcomments&post=9906"}],"version-history":[{"count":0,"href":"https:\/\/www.fuldaernachrichten.de\/index.php?rest_route=\/wp\/v2\/posts\/9906\/revisions"}],"wp:attachment":[{"href":"https:\/\/www.fuldaernachrichten.de\/index.php?rest_route=%2Fwp%2Fv2%2Fmedia&parent=9906"}],"wp:term":[{"taxonomy":"category","embeddable":true,"href":"https:\/\/www.fuldaernachrichten.de\/index.php?rest_route=%2Fwp%2Fv2%2Fcategories&post=9906"},{"taxonomy":"post_tag","embeddable":true,"href":"https:\/\/www.fuldaernachrichten.de\/index.php?rest_route=%2Fwp%2Fv2%2Ftags&post=9906"}],"curies":[{"name":"wp","href":"https:\/\/api.w.org\/{rel}","templated":true}]}}