{"id":9905,"date":"2008-06-17T00:18:54","date_gmt":"2008-06-16T22:18:54","guid":{"rendered":"http:\/\/www.schoene-nachrichten.de\/?p=9905"},"modified":"2008-06-16T22:31:36","modified_gmt":"2008-06-16T20:31:36","slug":"neuer-geschaeftsfuehrer-bei-herzau-schmitt","status":"publish","type":"post","link":"https:\/\/www.fuldaernachrichten.de\/?p=9905","title":{"rendered":"Neuer Gesch\u00e4ftsf\u00fchrer bei Herzau + Schmitt"},"content":{"rendered":"<p><a rel=\"lightbox[roadtrip]\" href=\"http:\/\/www.schoene-nachrichten.de\/wp-content\/uploads\/2008\/06\/euler.jpg\" target=\"_blank\"><img decoding=\"async\" class=\"alignleft size-medium wp-image-9911\" title=\"euler\" src=\"http:\/\/www.schoene-nachrichten.de\/wp-content\/uploads\/2008\/06\/euler-85x128.jpg\" alt=\"\" hspace=\"5\" width=\"85\" height=\"128\" align=\"left\" srcset=\"https:\/\/www.fuldaernachrichten.de\/wp-content\/uploads\/2008\/06\/euler-85x128.jpg 85w, https:\/\/www.fuldaernachrichten.de\/wp-content\/uploads\/2008\/06\/euler.jpg 399w\" sizes=\"(max-width: 85px) 100vw, 85px\" \/><\/a><strong>Fulda.<\/strong> Matthias Euler ist seit Mai neuer Gesch\u00e4ftsf\u00fchrer des Unternehmens Herzau + Schmitt in Fulda und Offenbach.  Seit 22 Jahren ist der  Diplom-Maschinenbauingenieur in konzernzugeh\u00f6rigen Unternehmungen in unterschiedlichen Bereichen von der Projektleitung \u00fcber Abteilungs- und Werkleitung und Gesch\u00e4ftsf\u00fchrung t\u00e4tig und hat zuletzt im Odenwald in einem Unternehmen der Automobil- und Medizintechnikbranche als technischer Gesch\u00e4ftsf\u00fchrer gearbeitet.<!--more--><\/p>\n<p>Seine ersten Erfahrungen mit Maschinen und Stahl sammelte er im elterlichen Formen- und Werkzeugbau. Der geb\u00fcrtige Steinauer lebt mit seiner Frau und seinen beiden 18- und 16-j\u00e4hrigen Kindern in Steinau a. d. Stra\u00dfe. Im Blickpunkt seines Engagements bei Herzau+ Schmitt sieht der 46-J\u00e4hrige den l\u00e4nder\u00fcbergreifend Ausbau des firmeneigenen Schneid-Kompetenzzentrums an.<\/p>\n","protected":false},"excerpt":{"rendered":"<div class=\"tmnf_excerpt\"><p>Fulda. Matthias Euler ist seit Mai neuer Gesch\u00e4ftsf\u00fchrer des Unternehmens Herzau + Schmitt in Fulda und Offenbach. Seit 22 Jahren ist der Diplom-Maschinenbauingenieur in konzernzugeh\u00f6rigen Unternehmungen in unterschiedlichen Bereichen von der Projektleitung \u00fcber Abteilungs- und Werkleitung und Gesch\u00e4ftsf\u00fchrung t\u00e4tig und hat zuletzt im Odenwald in einem Unternehmen der Automobil- und Medizintechnikbranche als technischer Gesch\u00e4ftsf\u00fchrer gearbeitet.<\/p>\n<\/div>","protected":false},"author":1,"featured_media":0,"comment_status":"closed","ping_status":"closed","sticky":false,"template":"","format":"standard","meta":{"footnotes":""},"categories":[1],"tags":[],"class_list":["post-9905","post","type-post","status-publish","format-standard","hentry","category-startseite"],"_links":{"self":[{"href":"https:\/\/www.fuldaernachrichten.de\/index.php?rest_route=\/wp\/v2\/posts\/9905","targetHints":{"allow":["GET"]}}],"collection":[{"href":"https:\/\/www.fuldaernachrichten.de\/index.php?rest_route=\/wp\/v2\/posts"}],"about":[{"href":"https:\/\/www.fuldaernachrichten.de\/index.php?rest_route=\/wp\/v2\/types\/post"}],"author":[{"embeddable":true,"href":"https:\/\/www.fuldaernachrichten.de\/index.php?rest_route=\/wp\/v2\/users\/1"}],"replies":[{"embeddable":true,"href":"https:\/\/www.fuldaernachrichten.de\/index.php?rest_route=%2Fwp%2Fv2%2Fcomments&post=9905"}],"version-history":[{"count":0,"href":"https:\/\/www.fuldaernachrichten.de\/index.php?rest_route=\/wp\/v2\/posts\/9905\/revisions"}],"wp:attachment":[{"href":"https:\/\/www.fuldaernachrichten.de\/index.php?rest_route=%2Fwp%2Fv2%2Fmedia&parent=9905"}],"wp:term":[{"taxonomy":"category","embeddable":true,"href":"https:\/\/www.fuldaernachrichten.de\/index.php?rest_route=%2Fwp%2Fv2%2Fcategories&post=9905"},{"taxonomy":"post_tag","embeddable":true,"href":"https:\/\/www.fuldaernachrichten.de\/index.php?rest_route=%2Fwp%2Fv2%2Ftags&post=9905"}],"curies":[{"name":"wp","href":"https:\/\/api.w.org\/{rel}","templated":true}]}}