{"id":9904,"date":"2008-06-17T00:47:51","date_gmt":"2008-06-16T22:47:51","guid":{"rendered":"http:\/\/www.schoene-nachrichten.de\/?p=9904"},"modified":"2008-06-16T22:37:38","modified_gmt":"2008-06-16T20:37:38","slug":"polnische-ehemalige-lagerinsassen-als-caritas-gaeste","status":"publish","type":"post","link":"https:\/\/www.fuldaernachrichten.de\/?p=9904","title":{"rendered":"Polnische ehemalige Lagerinsassen als Caritas-G\u00e4ste"},"content":{"rendered":"<p><a rel=\"lightbox[roadtrip]\" href=\"http:\/\/www.schoene-nachrichten.de\/wp-content\/uploads\/2008\/06\/polen_zeitzeugen_marianump1000265.jpg\" target=\"_blank\"><img decoding=\"async\" class=\"alignleft size-thumbnail wp-image-9920\" title=\"polen_zeitzeugen_marianump1000265\" src=\"http:\/\/www.schoene-nachrichten.de\/wp-content\/uploads\/2008\/06\/polen_zeitzeugen_marianump1000265-128x85.jpg\" alt=\"\" hspace=\"5\" width=\"128\" height=\"85\" align=\"left\" \/><\/a><strong>Fulda\/Bad Salzschlirf (cif)<\/strong>. Auch dieses Jahr hat der Caritasverband f\u00fcr die Di\u00f6zese Fulda wieder sieben polnische Seniorinnen und Senioren zu Gast,  die Erholungstage in Bad Salzschlirf verbringen und zusammen mit ihrer Betreuerin vor Ort, der Fuldaerin Margarete Wingenfeld, bei Ausfl\u00fcgen die Region zwischen Rh\u00f6n und Vogelsberg erkunden. Die Besucher, die aus den Masuren stammen, waren als Kinder w\u00e4hrend der Nazizeit in Konzentrationslagern beziehungsweise Arbeitslagern mit ihren Eltern eingekerkert; ihr jetziger Besuch in Deutschland wurde als Beitrag zur deutsch-polnischen Auss\u00f6hnung vom in Freiburg ans\u00e4ssigen Maximilian-Kolbe-Werk vermittelt.<!--more--><\/p>\n<p>Bestandteil des Aufenthaltsprogramms neben den touristischen Ausfl\u00fcgen ist auch ein noch ausstehender Empfang beim Fuldaer Bischof Heinz Josef Algermissen. Gleich nach dem Ankunftwochenende besuchten die Senioren zun\u00e4chst jedoch f\u00fcr ein Zeitzeugen-Gespr\u00e4ch Sch\u00fcler der 11. Jahrgangsstufe des Marianums in Fulda. Nach einer kurzen Begr\u00fc\u00dfung durch den Oberstufenleiter Studiendirektor J\u00fcrgen Weber und einer Einf\u00fchrung durch den Geschichts-Fachlehrer Hartwig H\u00f6ppner konnten die Sch\u00fclerinnen und Sch\u00fcler Fragen an die polnischen G\u00e4ste stellen. Teilweise kamen die Antworten sogar in Deutsch, zum Dolmetschen war aber auch dankenswerterweise der K\u00fcster des Fuldaer Doms, Richard Bok,kurzfristig dazu gekommen.<\/p>\n<p>Bei dem intensiven Gespr\u00e4ch in der Schulaula  stellten die Sch\u00fclerinnen und Sch\u00fcler Fragen nach dem Alltag im Gefangenenlager, nach der R\u00fcckkehr in die Normalit\u00e4t nach 1945, und sie hinterfragten die aktuelle deutsch-polnische Nachbarschaft: Wie ist das \u00fcberhaupt f\u00fcr einen polnischen Menschen mit solch einer einschneidenden Erfahrung, nach Deutschland zu reisen, mit Deutschen zu sprechen?<\/p>\n<p>Die polnischen Senioren gingen auf alle Fragen ein und versicherten ihren Zuh\u00f6rern, dass man diese Vergangenheit zwar nicht vergessen k\u00f6nne, dass sie pers\u00f6nlich aber l\u00e4ngst ihren Frieden geschlossen und keinerlei Vorbehalte gegen die Deutschen h\u00e4tten \u2013 vor allem nicht gegen die heutigen Kinder und Jugendlichen dieses Landes, das nichts mehr mit dem damaligen Nazideutschland zu tun habe.<\/p>\n","protected":false},"excerpt":{"rendered":"<div class=\"tmnf_excerpt\"><p>Fulda\/Bad Salzschlirf (cif). Auch dieses Jahr hat der Caritasverband f\u00fcr die Di\u00f6zese Fulda wieder sieben polnische Seniorinnen und Senioren zu Gast, die Erholungstage in Bad Salzschlirf verbringen und zusammen mit ihrer Betreuerin vor Ort, der Fuldaerin Margarete Wingenfeld, bei Ausfl\u00fcgen die Region zwischen Rh\u00f6n und Vogelsberg erkunden. Die Besucher, die aus den Masuren stammen, waren &hellip;<\/p>\n<\/div>","protected":false},"author":1,"featured_media":0,"comment_status":"closed","ping_status":"closed","sticky":false,"template":"","format":"standard","meta":{"footnotes":""},"categories":[1,50],"tags":[],"class_list":["post-9904","post","type-post","status-publish","format-standard","hentry","category-startseite","category-kirche"],"_links":{"self":[{"href":"https:\/\/www.fuldaernachrichten.de\/index.php?rest_route=\/wp\/v2\/posts\/9904","targetHints":{"allow":["GET"]}}],"collection":[{"href":"https:\/\/www.fuldaernachrichten.de\/index.php?rest_route=\/wp\/v2\/posts"}],"about":[{"href":"https:\/\/www.fuldaernachrichten.de\/index.php?rest_route=\/wp\/v2\/types\/post"}],"author":[{"embeddable":true,"href":"https:\/\/www.fuldaernachrichten.de\/index.php?rest_route=\/wp\/v2\/users\/1"}],"replies":[{"embeddable":true,"href":"https:\/\/www.fuldaernachrichten.de\/index.php?rest_route=%2Fwp%2Fv2%2Fcomments&post=9904"}],"version-history":[{"count":0,"href":"https:\/\/www.fuldaernachrichten.de\/index.php?rest_route=\/wp\/v2\/posts\/9904\/revisions"}],"wp:attachment":[{"href":"https:\/\/www.fuldaernachrichten.de\/index.php?rest_route=%2Fwp%2Fv2%2Fmedia&parent=9904"}],"wp:term":[{"taxonomy":"category","embeddable":true,"href":"https:\/\/www.fuldaernachrichten.de\/index.php?rest_route=%2Fwp%2Fv2%2Fcategories&post=9904"},{"taxonomy":"post_tag","embeddable":true,"href":"https:\/\/www.fuldaernachrichten.de\/index.php?rest_route=%2Fwp%2Fv2%2Ftags&post=9904"}],"curies":[{"name":"wp","href":"https:\/\/api.w.org\/{rel}","templated":true}]}}