{"id":9902,"date":"2008-06-17T00:31:42","date_gmt":"2008-06-16T22:31:42","guid":{"rendered":"http:\/\/www.schoene-nachrichten.de\/?p=9902"},"modified":"2008-06-16T22:31:51","modified_gmt":"2008-06-16T20:31:51","slug":"altbuecherbasar-am-21-juni-in-kuenzell","status":"publish","type":"post","link":"https:\/\/www.fuldaernachrichten.de\/?p=9902","title":{"rendered":"Altb\u00fccherbasar am 21. Juni in K\u00fcnzell"},"content":{"rendered":"<p><strong>K\u00fcnzell. <\/strong>Beim Altb\u00fccherbasar in K\u00fcnzell gibt es in diesem Monat eine gro\u00dfe Auswahl an Bildb\u00e4nden, Reiseliteratur und Kunstb\u00fcchern. Die gewohnte Unmenge gut erhaltener Werke aus allen Bereichen der Literatur bleibt davon unber\u00fcht: Preiswerte Urlaubslekt\u00fcre (\u201elesen und liegenlassen\u201c) bis zum Fachbuch, vom Klassiker bis zum Kinderbuch. Der Basar in K\u00fcnzell am 21. Juni ist ge\u00f6ffnet von 14 bis 16 Uhr im Thomas-Morus-Haus neben der Kirche. Zum Service geh\u00f6ren Kaffee und Kuchen. Der Erl\u00f6s ist f\u00fcr die Kinderhilfe Indien der Jesuitenmission. Informationen gibt es bei Marlene Diel unter 0661 \u2013 35191.<\/p>\n","protected":false},"excerpt":{"rendered":"<div class=\"tmnf_excerpt\"><p>K\u00fcnzell. Beim Altb\u00fccherbasar in K\u00fcnzell gibt es in diesem Monat eine gro\u00dfe Auswahl an Bildb\u00e4nden, Reiseliteratur und Kunstb\u00fcchern. Die gewohnte Unmenge gut erhaltener Werke aus allen Bereichen der Literatur bleibt davon unber\u00fcht: Preiswerte Urlaubslekt\u00fcre (\u201elesen und liegenlassen\u201c) bis zum Fachbuch, vom Klassiker bis zum Kinderbuch. Der Basar in K\u00fcnzell am 21. Juni ist ge\u00f6ffnet von &hellip;<\/p>\n<\/div>","protected":false},"author":1,"featured_media":0,"comment_status":"closed","ping_status":"closed","sticky":false,"template":"","format":"standard","meta":{"footnotes":""},"categories":[1,44],"tags":[],"class_list":["post-9902","post","type-post","status-publish","format-standard","hentry","category-startseite","category-kultur"],"_links":{"self":[{"href":"https:\/\/www.fuldaernachrichten.de\/index.php?rest_route=\/wp\/v2\/posts\/9902","targetHints":{"allow":["GET"]}}],"collection":[{"href":"https:\/\/www.fuldaernachrichten.de\/index.php?rest_route=\/wp\/v2\/posts"}],"about":[{"href":"https:\/\/www.fuldaernachrichten.de\/index.php?rest_route=\/wp\/v2\/types\/post"}],"author":[{"embeddable":true,"href":"https:\/\/www.fuldaernachrichten.de\/index.php?rest_route=\/wp\/v2\/users\/1"}],"replies":[{"embeddable":true,"href":"https:\/\/www.fuldaernachrichten.de\/index.php?rest_route=%2Fwp%2Fv2%2Fcomments&post=9902"}],"version-history":[{"count":0,"href":"https:\/\/www.fuldaernachrichten.de\/index.php?rest_route=\/wp\/v2\/posts\/9902\/revisions"}],"wp:attachment":[{"href":"https:\/\/www.fuldaernachrichten.de\/index.php?rest_route=%2Fwp%2Fv2%2Fmedia&parent=9902"}],"wp:term":[{"taxonomy":"category","embeddable":true,"href":"https:\/\/www.fuldaernachrichten.de\/index.php?rest_route=%2Fwp%2Fv2%2Fcategories&post=9902"},{"taxonomy":"post_tag","embeddable":true,"href":"https:\/\/www.fuldaernachrichten.de\/index.php?rest_route=%2Fwp%2Fv2%2Ftags&post=9902"}],"curies":[{"name":"wp","href":"https:\/\/api.w.org\/{rel}","templated":true}]}}