{"id":9901,"date":"2008-06-17T00:50:48","date_gmt":"2008-06-16T22:50:48","guid":{"rendered":"http:\/\/www.schoene-nachrichten.de\/?p=9901"},"modified":"2008-06-16T22:45:50","modified_gmt":"2008-06-16T20:45:50","slug":"offene-gaerten-in-fulda-kuenzell-und-petersberg","status":"publish","type":"post","link":"https:\/\/www.fuldaernachrichten.de\/?p=9901","title":{"rendered":"Offene G\u00e4rten in Fulda, K\u00fcnzell und Petersberg"},"content":{"rendered":"<p><strong>Fulda\/K\u00fcnzell\/Petersberg.<\/strong> Die &#8220;Offenen G\u00e4rten&#8221; zeigen verschiedenste Beispiele von G\u00e4rten, wollen Gartenkultur verbreiten und auch Kulturangebote  in G\u00e4rten bringen, wie es beispielswesie zur Barockzeit an den F\u00fcrstenh\u00f6fen und zur Goethezeit auch in b\u00fcrgerlichen G\u00e4rten verbreitet war. Ein breites Programm mit mehreren kleinen, aber feinen Veranstaltungen umrahmte den Tag der offenen Privatg\u00e4rten. Die Bilder von Nicole Ditzel und Yvonne Winter zeigen einige Impressionen.<\/p>\n<p><strong>Fotos (12)<\/strong>: Nicole Ditzel und Yvonne Winter<\/p>\n<p><a rel=\"lightbox[roadtrip]\" href=\"http:\/\/www.schoene-nachrichten.de\/wp-content\/uploads\/2008\/06\/yw_tanzinszenierunggrezzbachpark1.jpg\" target=\"_blank\"><img decoding=\"async\" class=\"alignleft size-thumbnail wp-image-9937\" title=\"yw_tanzinszenierunggrezzbachpark1\" src=\"http:\/\/www.schoene-nachrichten.de\/wp-content\/uploads\/2008\/06\/yw_tanzinszenierunggrezzbachpark1-128x85.jpg\" alt=\"\" width=\"128\" height=\"85\" \/><\/a> <a rel=\"lightbox[roadtrip]\" href=\"http:\/\/www.schoene-nachrichten.de\/wp-content\/uploads\/2008\/06\/yw_offgarten202.jpg\" target=\"_blank\"><img decoding=\"async\" class=\"alignleft size-thumbnail wp-image-9936\" title=\"yw_offgarten202\" src=\"http:\/\/www.schoene-nachrichten.de\/wp-content\/uploads\/2008\/06\/yw_offgarten202-128x85.jpg\" alt=\"\" width=\"128\" height=\"85\" \/><\/a> <a rel=\"lightbox[roadtrip]\" href=\"http:\/\/www.schoene-nachrichten.de\/wp-content\/uploads\/2008\/06\/yw_konzertgartensaal1.jpg\" target=\"_blank\"><img decoding=\"async\" class=\"alignleft size-thumbnail wp-image-9931\" title=\"yw_konzertgartensaal1\" src=\"http:\/\/www.schoene-nachrichten.de\/wp-content\/uploads\/2008\/06\/yw_konzertgartensaal1-128x85.jpg\" alt=\"\" width=\"128\" height=\"85\" \/><!--more--><\/a><\/p>\n<p>So gab es beispielsweise ein Harfenkonzert im Klostergarten, etwas k\u00fchl aber wundersch\u00f6n, oder Fachf\u00fchrungen zu Staudenmmischpflanzungen am Beispiel des bl\u00fchenden K\u00fcnzeller Kreisels, zu Kr\u00e4utern oder Geomantie im Schlo\u00dfgarten.<\/p>\n<p><a rel=\"lightbox[roadtrip]\" href=\"http:\/\/www.schoene-nachrichten.de\/wp-content\/uploads\/2008\/06\/nd_f6o6613.jpg\" target=\"_blank\"><img loading=\"lazy\" decoding=\"async\" class=\"alignleft size-thumbnail wp-image-9925\" title=\"nd_f6o6613\" src=\"http:\/\/www.schoene-nachrichten.de\/wp-content\/uploads\/2008\/06\/nd_f6o6613-128x85.jpg\" alt=\"\" width=\"128\" height=\"85\" srcset=\"https:\/\/www.fuldaernachrichten.de\/wp-content\/uploads\/2008\/06\/nd_f6o6613-128x85.jpg 128w, https:\/\/www.fuldaernachrichten.de\/wp-content\/uploads\/2008\/06\/nd_f6o6613.jpg 592w\" sizes=\"(max-width: 128px) 100vw, 128px\" \/><\/a> <a rel=\"lightbox[roadtrip]\" href=\"http:\/\/www.schoene-nachrichten.de\/wp-content\/uploads\/2008\/06\/nd_f6o6579.jpg\" target=\"_blank\"><img loading=\"lazy\" decoding=\"async\" class=\"alignleft size-thumbnail wp-image-9924\" title=\"nd_f6o6579\" src=\"http:\/\/www.schoene-nachrichten.de\/wp-content\/uploads\/2008\/06\/nd_f6o6579-128x85.jpg\" alt=\"\" width=\"128\" height=\"85\" srcset=\"https:\/\/www.fuldaernachrichten.de\/wp-content\/uploads\/2008\/06\/nd_f6o6579-128x85.jpg 128w, https:\/\/www.fuldaernachrichten.de\/wp-content\/uploads\/2008\/06\/nd_f6o6579.jpg 592w\" sizes=\"(max-width: 128px) 100vw, 128px\" \/><\/a> <a rel=\"lightbox[roadtrip]\" href=\"http:\/\/www.schoene-nachrichten.de\/wp-content\/uploads\/2008\/06\/nd_rosengarten.jpg\" target=\"_blank\"><img loading=\"lazy\" decoding=\"async\" class=\"alignleft size-thumbnail wp-image-9926\" title=\"nd_rosengarten\" src=\"http:\/\/www.schoene-nachrichten.de\/wp-content\/uploads\/2008\/06\/nd_rosengarten-128x85.jpg\" alt=\"\" width=\"128\" height=\"85\" srcset=\"https:\/\/www.fuldaernachrichten.de\/wp-content\/uploads\/2008\/06\/nd_rosengarten-128x85.jpg 128w, https:\/\/www.fuldaernachrichten.de\/wp-content\/uploads\/2008\/06\/nd_rosengarten.jpg 592w\" sizes=\"(max-width: 128px) 100vw, 128px\" \/><\/a><\/p>\n<p>Es gab eine Lesung aus dem Sonnengesang des Hl. Franziskus im Klostergarten der Franziskaner, und Ausstellungen: im Garten der Kunstschmiede Bernhardt schmiedeeisernes Gartenmobilar, im Kutscherhaus Werke von Adam und Stephanie Pete, in Privatg\u00e4rten in Petersberg und in Rodges Werke von Johannes Kirsch und Alexander v. Pazatka.<\/p>\n<p><a rel=\"lightbox[roadtrip]\" href=\"http:\/\/www.schoene-nachrichten.de\/wp-content\/uploads\/2008\/06\/yw_harfenkonzertklostergarten.jpg\" target=\"_blank\"><img loading=\"lazy\" decoding=\"async\" class=\"alignleft size-thumbnail wp-image-9930\" title=\"yw_harfenkonzertklostergarten\" src=\"http:\/\/www.schoene-nachrichten.de\/wp-content\/uploads\/2008\/06\/yw_harfenkonzertklostergarten-128x85.jpg\" alt=\"\" width=\"128\" height=\"85\" \/><\/a> <a rel=\"lightbox[roadtrip]\" href=\"http:\/\/www.schoene-nachrichten.de\/wp-content\/uploads\/2008\/06\/yw_geomantiefuehrung.jpg\" target=\"_blank\"><img loading=\"lazy\" decoding=\"async\" class=\"alignleft size-thumbnail wp-image-9929\" title=\"yw_geomantiefuehrung\" src=\"http:\/\/www.schoene-nachrichten.de\/wp-content\/uploads\/2008\/06\/yw_geomantiefuehrung-128x85.jpg\" alt=\"\" width=\"128\" height=\"85\" \/><\/a> <a rel=\"lightbox[roadtrip]\" href=\"http:\/\/www.schoene-nachrichten.de\/wp-content\/uploads\/2008\/06\/yw_empfangschlossgarten.jpg\" target=\"_blank\"><img loading=\"lazy\" decoding=\"async\" class=\"alignleft size-thumbnail wp-image-9927\" title=\"yw_empfangschlossgarten\" src=\"http:\/\/www.schoene-nachrichten.de\/wp-content\/uploads\/2008\/06\/yw_empfangschlossgarten-128x85.jpg\" alt=\"\" width=\"128\" height=\"85\" \/><\/a><\/p>\n<p>Der Empfang im Schlossgarten Fulda mit Oberb\u00fcrgermeister Gerhard M\u00f6ller und Stadtbaur\u00e4tin Cornalia Zuschke wurde  wegen des wechselhaften Wetters im Gartensaal des Stadtschlosses weitergef\u00fchrt, verzaubert durch die Kl\u00e4nge des Kammerorchesters der Jugend mit Dirigent Ulrich Moormann.<\/p>\n<p><a rel=\"lightbox[roadtrip]\" href=\"http:\/\/www.schoene-nachrichten.de\/wp-content\/uploads\/2008\/06\/yw_tanzinszenierunggrezzbachpark2.jpg\" target=\"_blank\"><img loading=\"lazy\" decoding=\"async\" class=\"alignleft size-thumbnail wp-image-9938\" title=\"yw_tanzinszenierunggrezzbachpark2\" src=\"http:\/\/www.schoene-nachrichten.de\/wp-content\/uploads\/2008\/06\/yw_tanzinszenierunggrezzbachpark2-128x85.jpg\" alt=\"\" width=\"128\" height=\"85\" \/><\/a> <a rel=\"lightbox[roadtrip]\" href=\"http:\/\/www.schoene-nachrichten.de\/wp-content\/uploads\/2008\/06\/nd_f6o6524.jpg\" target=\"_blank\"><img loading=\"lazy\" decoding=\"async\" class=\"alignleft size-thumbnail wp-image-9921\" title=\"nd_f6o6524\" src=\"http:\/\/www.schoene-nachrichten.de\/wp-content\/uploads\/2008\/06\/nd_f6o6524-128x85.jpg\" alt=\"\" width=\"128\" height=\"85\" srcset=\"https:\/\/www.fuldaernachrichten.de\/wp-content\/uploads\/2008\/06\/nd_f6o6524-128x85.jpg 128w, https:\/\/www.fuldaernachrichten.de\/wp-content\/uploads\/2008\/06\/nd_f6o6524.jpg 592w\" sizes=\"(max-width: 128px) 100vw, 128px\" \/><\/a><a rel=\"lightbox[roadtrip]\" href=\"http:\/\/www.schoene-nachrichten.de\/wp-content\/uploads\/2008\/06\/yw_gartenbernhardt.jpg\" target=\"_blank\"> <img loading=\"lazy\" decoding=\"async\" class=\"alignleft size-thumbnail wp-image-9928\" title=\"yw_gartenbernhardt\" src=\"http:\/\/www.schoene-nachrichten.de\/wp-content\/uploads\/2008\/06\/yw_gartenbernhardt-128x85.jpg\" alt=\"\" width=\"128\" height=\"85\" \/><\/a><\/p>\n<p>An einem bisher noch nicht bespielten Ort, dem Grezzbachpark in K\u00fcnzell entstanden f\u00fcr die Besucher bei einer Tanzinszenierung v\u00f6llig neue Bilder: Studentinnen der Loheland Akademie, Beruffachschule f\u00fcr Gymnastik hatten zusammen mit K\u00fcnstler Alexander Sust eine Park-Choreographie erarbeitet. (Yvonne Winter)<\/p>\n","protected":false},"excerpt":{"rendered":"<div class=\"tmnf_excerpt\"><p>Fulda\/K\u00fcnzell\/Petersberg. Die &#8220;Offenen G\u00e4rten&#8221; zeigen verschiedenste Beispiele von G\u00e4rten, wollen Gartenkultur verbreiten und auch Kulturangebote in G\u00e4rten bringen, wie es beispielswesie zur Barockzeit an den F\u00fcrstenh\u00f6fen und zur Goethezeit auch in b\u00fcrgerlichen G\u00e4rten verbreitet war. Ein breites Programm mit mehreren kleinen, aber feinen Veranstaltungen umrahmte den Tag der offenen Privatg\u00e4rten. Die Bilder von Nicole Ditzel &hellip;<\/p>\n<\/div>","protected":false},"author":1,"featured_media":0,"comment_status":"closed","ping_status":"closed","sticky":false,"template":"","format":"standard","meta":{"footnotes":""},"categories":[1],"tags":[],"class_list":["post-9901","post","type-post","status-publish","format-standard","hentry","category-startseite"],"_links":{"self":[{"href":"https:\/\/www.fuldaernachrichten.de\/index.php?rest_route=\/wp\/v2\/posts\/9901","targetHints":{"allow":["GET"]}}],"collection":[{"href":"https:\/\/www.fuldaernachrichten.de\/index.php?rest_route=\/wp\/v2\/posts"}],"about":[{"href":"https:\/\/www.fuldaernachrichten.de\/index.php?rest_route=\/wp\/v2\/types\/post"}],"author":[{"embeddable":true,"href":"https:\/\/www.fuldaernachrichten.de\/index.php?rest_route=\/wp\/v2\/users\/1"}],"replies":[{"embeddable":true,"href":"https:\/\/www.fuldaernachrichten.de\/index.php?rest_route=%2Fwp%2Fv2%2Fcomments&post=9901"}],"version-history":[{"count":0,"href":"https:\/\/www.fuldaernachrichten.de\/index.php?rest_route=\/wp\/v2\/posts\/9901\/revisions"}],"wp:attachment":[{"href":"https:\/\/www.fuldaernachrichten.de\/index.php?rest_route=%2Fwp%2Fv2%2Fmedia&parent=9901"}],"wp:term":[{"taxonomy":"category","embeddable":true,"href":"https:\/\/www.fuldaernachrichten.de\/index.php?rest_route=%2Fwp%2Fv2%2Fcategories&post=9901"},{"taxonomy":"post_tag","embeddable":true,"href":"https:\/\/www.fuldaernachrichten.de\/index.php?rest_route=%2Fwp%2Fv2%2Ftags&post=9901"}],"curies":[{"name":"wp","href":"https:\/\/api.w.org\/{rel}","templated":true}]}}