{"id":99004,"date":"2012-06-04T00:12:57","date_gmt":"2012-06-04T00:12:57","guid":{"rendered":"http:\/\/www.fuldaer-nachrichten.de\/?p=99004"},"modified":"2012-06-04T07:20:03","modified_gmt":"2012-06-04T07:20:03","slug":"mit-elf-kindertagesstatten-am-start-als-ziel-die-einfuhrung-des-ktk-gutesiegels","status":"publish","type":"post","link":"https:\/\/www.fuldaernachrichten.de\/?p=99004","title":{"rendered":"Mit elf Kindertagesst\u00e4tten am Start: Als Ziel die Einf\u00fchrung des KTK-G\u00fctesiegels"},"content":{"rendered":"<p><strong><a href=\"http:\/\/www.fuldaer-nachrichten.de\/wp-content\/uploads\/2012\/06\/IMG_1876_Gru\u00dfwort_GV_Stanke_300512.jpg\"><img decoding=\"async\" class=\"alignleft size-thumbnail wp-image-99005\" title=\"IMG_1876_Gru\u00dfwort_GV_Stanke_300512\" src=\"http:\/\/www.fuldaer-nachrichten.de\/wp-content\/uploads\/2012\/06\/IMG_1876_Gru\u00dfwort_GV_Stanke_300512-265x176.jpg\" alt=\"\" width=\"265\" height=\"176\" \/><\/a>Fulda (cif<\/strong>). Zu einer Auftaktveranstaltung waren k\u00fcrzlich Vertreter von Tr\u00e4ger und Leitung von elf katholischen Kindertageseinrichtungen aus dem Bistum Fulda im Bonifatiushaus Fulda zusammen gekommen. Mit Hilfe des G\u00fctesiegels vom Verband Katholischer Tageseinrichtungen f\u00fcr Kinder (KTK) \u2013 dieses steht f\u00fcr ein wertorientiertes Qualit\u00e4tsmanagementsystem \u2013 werden die elf beteiligten Teams in den kommenden zwei Jahren aus christlichem und fachlichem Blickwinkel den Auftrag und den Anspruch an eine katholische Kindertageseinrichtung auf den Pr\u00fcfstein stellen und so zu einer Weiterentwicklung der eigenen Einrichtung vor Ort beitragen.<!--more--><\/p>\n<p>Die Situation von Kindertageseinrichtungen ist heute allgemein davon gepr\u00e4gt, den mannigfachen Erwartungen seitens Kindern und Eltern, \u00f6rtlichen Schulen, der politischen Gemeinde sowie der Kirchengemeinde ausgesetzt zu sein. Mit dem KTK-G\u00fctesiegel haben die Einrichtungen die M\u00f6glichkeit, in einem systematisch aufgebauten und klar strukturierten Prozess sich mit diesen Erwartungshaltungen reflektiert auseinander zu setzen und, orientiert an den Bed\u00fcrfnissen der verschiedenen Interessensgruppen, ein eigenes Profil ihrer katholischen Kindertagesst\u00e4tte zu entwickeln.<\/p>\n<p>In seinem Gru\u00dfwort zum Beginn der Tagung, die eine erste Herausbildung von KiTa-Leitbildern zum Ziel hatte, betonte der Fuldaer Generalvikar Prof. Dr. Gerhard Stanke, dass die katholischen Kindertagesst\u00e4tten vorz\u00fcgliche Orte seien, wo Menschen Zugang und Kontakt zur Kirche erf\u00fchren. Insofern wirkten katholische Kindertagesst\u00e4tten missionarisch in die Gesellschaft hinein, und lie\u00dfen so die bedingungslose Liebe Gottes unter Kindern und Eltern sp\u00fcrbar werden.<\/p>\n<p>Kinder seien von sich aus religi\u00f6s und m\u00fcssen nicht zum Glauben erzogen werden. Diese These erl\u00e4uterte Hauptreferent Prof. Dr. Ralf Haderlein in seinem Vortrag \u201eDas Profil einer katholischen Kindertagesst\u00e4tte\u201c. Hier bek\u00e4men Kinder auf ihre Warum- und Sinnfragen Antworten aus einer christlichen Dimension heraus. Das p\u00e4dagogische Personal stehe also vor der Herausforderung, sich selbst \u00fcber seinen religionsp\u00e4dagogischen Auftrag klar zu sein, und mit welcher Haltung und welchen christlichen Werten es Kindern und Eltern begegnen wolle.<\/p>\n<p>Der Prozess der Implementierung des werteorientierten Qualit\u00e4tsmanagements mit dem KTK-G\u00fctesiegel ist auf zwei Jahre ausgelegt. In dieser Zeit werden die beteiligten Einrichtungen unter der Moderation von Uwe Gerber von der Firma Colibri \u2013 Management Service und in Begleitung von Elisabeth Goebel-Krayer aus dem Team der Caritas-Fachberatung f\u00fcr Kindertagesst\u00e4tten im Bistum Fulda ein auf die Belange jeder Kindertagesst\u00e4tte zugeschnittenes Qualit\u00e4tshandbuch erarbeiten.<\/p>\n","protected":false},"excerpt":{"rendered":"<div class=\"tmnf_excerpt\"><p>Fulda (cif). Zu einer Auftaktveranstaltung waren k\u00fcrzlich Vertreter von Tr\u00e4ger und Leitung von elf katholischen Kindertageseinrichtungen aus dem Bistum Fulda im Bonifatiushaus Fulda zusammen gekommen. Mit Hilfe des G\u00fctesiegels vom Verband Katholischer Tageseinrichtungen f\u00fcr Kinder (KTK) \u2013 dieses steht f\u00fcr ein wertorientiertes Qualit\u00e4tsmanagementsystem \u2013 werden die elf beteiligten Teams in den kommenden zwei Jahren aus &hellip;<\/p>\n<\/div>","protected":false},"author":1,"featured_media":0,"comment_status":"closed","ping_status":"closed","sticky":false,"template":"","format":"standard","meta":{"footnotes":""},"categories":[1,53,50],"tags":[],"class_list":["post-99004","post","type-post","status-publish","format-standard","hentry","category-startseite","category-bildung","category-kirche"],"_links":{"self":[{"href":"https:\/\/www.fuldaernachrichten.de\/index.php?rest_route=\/wp\/v2\/posts\/99004","targetHints":{"allow":["GET"]}}],"collection":[{"href":"https:\/\/www.fuldaernachrichten.de\/index.php?rest_route=\/wp\/v2\/posts"}],"about":[{"href":"https:\/\/www.fuldaernachrichten.de\/index.php?rest_route=\/wp\/v2\/types\/post"}],"author":[{"embeddable":true,"href":"https:\/\/www.fuldaernachrichten.de\/index.php?rest_route=\/wp\/v2\/users\/1"}],"replies":[{"embeddable":true,"href":"https:\/\/www.fuldaernachrichten.de\/index.php?rest_route=%2Fwp%2Fv2%2Fcomments&post=99004"}],"version-history":[{"count":0,"href":"https:\/\/www.fuldaernachrichten.de\/index.php?rest_route=\/wp\/v2\/posts\/99004\/revisions"}],"wp:attachment":[{"href":"https:\/\/www.fuldaernachrichten.de\/index.php?rest_route=%2Fwp%2Fv2%2Fmedia&parent=99004"}],"wp:term":[{"taxonomy":"category","embeddable":true,"href":"https:\/\/www.fuldaernachrichten.de\/index.php?rest_route=%2Fwp%2Fv2%2Fcategories&post=99004"},{"taxonomy":"post_tag","embeddable":true,"href":"https:\/\/www.fuldaernachrichten.de\/index.php?rest_route=%2Fwp%2Fv2%2Ftags&post=99004"}],"curies":[{"name":"wp","href":"https:\/\/api.w.org\/{rel}","templated":true}]}}