{"id":99003,"date":"2012-06-04T00:10:27","date_gmt":"2012-06-04T00:10:27","guid":{"rendered":"http:\/\/www.fuldaer-nachrichten.de\/?p=99003"},"modified":"2012-06-04T07:07:58","modified_gmt":"2012-06-04T07:07:58","slug":"tag-der-begegnung-in-der-arche","status":"publish","type":"post","link":"https:\/\/www.fuldaernachrichten.de\/?p=99003","title":{"rendered":"Tag der Begegnung in der Arche"},"content":{"rendered":"<p>Bimbach. Am Fronleichnamstag, 07.06.2012, l\u00e4dt der Verein\u00c2\u00a0Gemeinsam Leben \u2013 Gemeinsam Lernen alle Freundinnen und Freunde, Interessierte und Nachbarn zu einem Tag der Begegnung in die Arche, Am H\u00e4denberg in Bimbach herzlich ein. Neben den Informationen \u00fcber die Aktivit\u00e4ten des Familien unterst\u00fctzenden Dienstes wie Verhinderungspflege, zus\u00e4tzliche Betreuungsleistungen, Freizeitaktivit\u00e4ten, Pflegegesetz k\u00f6nnen Besucher mit einem Demenzberater \u00fcber diese Erkrankung und<br \/>\nHilfen f\u00fcr Angeh\u00f6rige unterhalten.<!--more-->Nach wie vor aktuell sind die Fragen, die sich um den gemeinsamen Unterricht ergeben. Zudem k\u00f6nnen die Besucher einen \u00dcberblick \u00fcber die Aktivit\u00e4ten der Fuldaer Integrations-Stiftung FIS erhalten. Den Nachmittag wird eine Trommlergruppe unter der Leitung von Herrn Petermann ab 14.00 Uhr er\u00f6ffnen. Gegen 15.00 Uhr wird dann die Gruppe &#8220;Die Grasm\u00fccken&#8221; aufspielen. Um 15.00 und 16.00 Uhr wird ein Film \u00fcber die Herstellung des Hauses Arche Noah vorgef\u00fchrt. Au\u00dferdem gibt es ein Ratespiel mit Verlosung, das Spielmobil der AWO f\u00fcr die Kleinen sowie Kaffee und Kuchen.<\/p>\n","protected":false},"excerpt":{"rendered":"<div class=\"tmnf_excerpt\"><p>Bimbach. Am Fronleichnamstag, 07.06.2012, l\u00e4dt der Verein\u00c2\u00a0Gemeinsam Leben \u2013 Gemeinsam Lernen alle Freundinnen und Freunde, Interessierte und Nachbarn zu einem Tag der Begegnung in die Arche, Am H\u00e4denberg in Bimbach herzlich ein. Neben den Informationen \u00fcber die Aktivit\u00e4ten des Familien unterst\u00fctzenden Dienstes wie Verhinderungspflege, zus\u00e4tzliche Betreuungsleistungen, Freizeitaktivit\u00e4ten, Pflegegesetz k\u00f6nnen Besucher mit einem Demenzberater \u00fcber diese &hellip;<\/p>\n<\/div>","protected":false},"author":1,"featured_media":0,"comment_status":"closed","ping_status":"closed","sticky":false,"template":"","format":"standard","meta":{"footnotes":""},"categories":[1],"tags":[],"class_list":["post-99003","post","type-post","status-publish","format-standard","hentry","category-startseite"],"_links":{"self":[{"href":"https:\/\/www.fuldaernachrichten.de\/index.php?rest_route=\/wp\/v2\/posts\/99003","targetHints":{"allow":["GET"]}}],"collection":[{"href":"https:\/\/www.fuldaernachrichten.de\/index.php?rest_route=\/wp\/v2\/posts"}],"about":[{"href":"https:\/\/www.fuldaernachrichten.de\/index.php?rest_route=\/wp\/v2\/types\/post"}],"author":[{"embeddable":true,"href":"https:\/\/www.fuldaernachrichten.de\/index.php?rest_route=\/wp\/v2\/users\/1"}],"replies":[{"embeddable":true,"href":"https:\/\/www.fuldaernachrichten.de\/index.php?rest_route=%2Fwp%2Fv2%2Fcomments&post=99003"}],"version-history":[{"count":0,"href":"https:\/\/www.fuldaernachrichten.de\/index.php?rest_route=\/wp\/v2\/posts\/99003\/revisions"}],"wp:attachment":[{"href":"https:\/\/www.fuldaernachrichten.de\/index.php?rest_route=%2Fwp%2Fv2%2Fmedia&parent=99003"}],"wp:term":[{"taxonomy":"category","embeddable":true,"href":"https:\/\/www.fuldaernachrichten.de\/index.php?rest_route=%2Fwp%2Fv2%2Fcategories&post=99003"},{"taxonomy":"post_tag","embeddable":true,"href":"https:\/\/www.fuldaernachrichten.de\/index.php?rest_route=%2Fwp%2Fv2%2Ftags&post=99003"}],"curies":[{"name":"wp","href":"https:\/\/api.w.org\/{rel}","templated":true}]}}