{"id":9895,"date":"2008-06-16T00:40:06","date_gmt":"2008-06-15T22:40:06","guid":{"rendered":"http:\/\/www.schoene-nachrichten.de\/?p=9895"},"modified":"2008-06-15T22:40:48","modified_gmt":"2008-06-15T20:40:48","slug":"das-heeresmusikkorps-2-aus-kassel-zu-gast-in-burghaun","status":"publish","type":"post","link":"https:\/\/www.fuldaernachrichten.de\/?p=9895","title":{"rendered":"Das Heeresmusikkorps 2 aus Kassel zu Gast in Burghaun"},"content":{"rendered":"<p><a rel=\"lightbox[roadtrip]\" href=\"http:\/\/www.schoene-nachrichten.de\/wp-content\/uploads\/2008\/06\/080616_burghaun.jpg\" target=\"_blank\"><img decoding=\"async\" class=\"alignleft size-thumbnail wp-image-9900\" title=\"080616_burghaun\" src=\"http:\/\/www.schoene-nachrichten.de\/wp-content\/uploads\/2008\/06\/080616_burghaun-128x85.jpg\" alt=\"\" hspace=\"5\" width=\"128\" height=\"85\" align=\"left\" \/><\/a><strong>Burghaun.<\/strong> Am 02. September findet um 19.00 Uhr am Rathaus in Burghaun ein Benefizkonzert des Heeresmusikkorps 2 unter Leitung von Oberstleutnant Reinhard Kiauka in Burghaun aus Anlass des 25-j\u00e4hrigen Bestehens der Reservistenkameradschaft Burghaun statt. Schirmherr der Veranstaltung ist der B\u00fcrgermeister der Marktgemeinde Burghaun, Alexander Hohmann. <!--more--><\/p>\n<p>Das Heeresmusikkorps 2 ist in Kassel stationiert und wurde in der Aufstellungsphase der Bundeswehr im Jahre 1956 gegr\u00fcndet. Seit dem 1. Januar 2003 ist das Musikkorps truppendienstlich der 13. Panzergrenadierdivision in Leipzig unterstellt. Das Gro\u00dfe Blasorchester besteht zum \u00fcberwiegenden Teil aus Zeit- und Berufssoldaten. Auch eine kleine Gruppe von Wehrpflichtigen, die noch vor ihrer Grundausbildung ein musikalisches Probespiel absolvieren, wird in das Orchester integriert. Das Musikkorps unterh\u00e4lt eine rege Konzertt\u00e4tigkeit, die vor allem die Verbindung zwischen Bev\u00f6lkerung und Bundeswehr f\u00f6rdern soll. Darunter fallen auch Rundfunk- und Fernsehauftritte.<\/p>\n<p>Ein gro\u00dfer Teil des Aufgabenspektrums besteht in der musikalischen Umrahmung des Truppen-zeremoniells so zum Beispiel bei Feierlichen Gel\u00f6bnissen, Kommando\u00fcbergaben, Appellen, Paraden sowie der Auff\u00fchrung des Gro\u00dfen Zapfenstreiches. Dar\u00fcber hinaus wird das Musikkorps auch zu Repr\u00e4sentationsveranstaltungen ins Ausland entsandt. So war es in Schweden, Italien, Spanien, Belgien, Holland, Norwegen, Frankreich, Griechenland, USA, Portugal, \u00c4gypten, \u00d6sterreich, Tschechien, Andorra, Bosnien-Herzegowina und dem Kosovo eingesetzt.<\/p>\n<p>Ab sofort sind Eintrittskarten f\u00fcr das Benefizkonzert am 02. September um 19.00 Uhr im B\u00fcrgerb\u00fcro der Marktgemeinde Burghaun sowie bei der Raiffeisenbank Burghaun im Vorverkauf f\u00fcr 8,- Euro (Abendkasse 10,- Euro) zu erwerben.<\/p>\n","protected":false},"excerpt":{"rendered":"<div class=\"tmnf_excerpt\"><p>Burghaun. Am 02. September findet um 19.00 Uhr am Rathaus in Burghaun ein Benefizkonzert des Heeresmusikkorps 2 unter Leitung von Oberstleutnant Reinhard Kiauka in Burghaun aus Anlass des 25-j\u00e4hrigen Bestehens der Reservistenkameradschaft Burghaun statt. Schirmherr der Veranstaltung ist der B\u00fcrgermeister der Marktgemeinde Burghaun, Alexander Hohmann.<\/p>\n<\/div>","protected":false},"author":1,"featured_media":0,"comment_status":"closed","ping_status":"closed","sticky":false,"template":"","format":"standard","meta":{"footnotes":""},"categories":[1,44],"tags":[],"class_list":["post-9895","post","type-post","status-publish","format-standard","hentry","category-startseite","category-kultur"],"_links":{"self":[{"href":"https:\/\/www.fuldaernachrichten.de\/index.php?rest_route=\/wp\/v2\/posts\/9895","targetHints":{"allow":["GET"]}}],"collection":[{"href":"https:\/\/www.fuldaernachrichten.de\/index.php?rest_route=\/wp\/v2\/posts"}],"about":[{"href":"https:\/\/www.fuldaernachrichten.de\/index.php?rest_route=\/wp\/v2\/types\/post"}],"author":[{"embeddable":true,"href":"https:\/\/www.fuldaernachrichten.de\/index.php?rest_route=\/wp\/v2\/users\/1"}],"replies":[{"embeddable":true,"href":"https:\/\/www.fuldaernachrichten.de\/index.php?rest_route=%2Fwp%2Fv2%2Fcomments&post=9895"}],"version-history":[{"count":0,"href":"https:\/\/www.fuldaernachrichten.de\/index.php?rest_route=\/wp\/v2\/posts\/9895\/revisions"}],"wp:attachment":[{"href":"https:\/\/www.fuldaernachrichten.de\/index.php?rest_route=%2Fwp%2Fv2%2Fmedia&parent=9895"}],"wp:term":[{"taxonomy":"category","embeddable":true,"href":"https:\/\/www.fuldaernachrichten.de\/index.php?rest_route=%2Fwp%2Fv2%2Fcategories&post=9895"},{"taxonomy":"post_tag","embeddable":true,"href":"https:\/\/www.fuldaernachrichten.de\/index.php?rest_route=%2Fwp%2Fv2%2Ftags&post=9895"}],"curies":[{"name":"wp","href":"https:\/\/api.w.org\/{rel}","templated":true}]}}