{"id":9894,"date":"2008-06-16T00:30:50","date_gmt":"2008-06-15T22:30:50","guid":{"rendered":"http:\/\/www.schoene-nachrichten.de\/?p=9894"},"modified":"2008-06-15T22:28:00","modified_gmt":"2008-06-15T20:28:00","slug":"gks-akademie-oberst-helmut-korn-wieder-im-bonifatiushaus-2","status":"publish","type":"post","link":"https:\/\/www.fuldaernachrichten.de\/?p=9894","title":{"rendered":"GKS-Akademie Oberst Helmut Korn wieder im Bonifatiushaus"},"content":{"rendered":"<p><strong>Fulda.<\/strong> Am 19. und 20. Juni findet im Fuldaer Bonifatiushaus wieder die Akademie \u201eOberst Helmut Korn\u201c der Gemeinschaft katholischer Soldaten (GKS) statt. Anla\u00df ist in diesem Jahr das 25. Jahrged\u00e4chtnis des am 12. Juni 1983 verstorbenen Oberst Dr. phil. Helmut Korn. Er war Mentor des organisierten Laienapostolats in der Katholischen Milit\u00e4rseelsorge f\u00fcr die Bundeswehr sowie Mitbegr\u00fcnder und bedeutender Impulsgeber der GKS.<!--more--><\/p>\n<p>Am Donnerstag, 19. Juni, findet um 19 Uhr ein Vortrag als offene Veranstaltung f\u00fcr alle Interessierten statt. Brigadegeneral Alois Bach, Kommandeur Zentrum Innere F\u00fchrung (Koblenz), spricht zum Thema \u201eInnere F\u00fchrung heute\u201c. Am Freitag, 20. Juni, wird Milit\u00e4rgeneralvikar Apostolischer Protonotar Pr\u00e4lat Walter Wakenhut um 9 Uhr einen Festgottesdienst in der Kapelle des Bonifatiushauses feiern, dem sich um 10.30 Uhr ein Vortrag zum Lebenswerk Korns von Brigadegeneral a. D. Friedhelm Koch anschlie\u00dft. Die Veranstaltung endet mit einem Schlu\u00dfwort des Bundesvorsitzenden der GKS, Oberstleutnant Paul Brochhagen. Weitere Informationen im Internet unter <a href=\"http:\/\/www.katholische-soldaten.de\" target=\"_blank\">www.katholische-soldaten.de<\/a>. (bpf)<\/p>\n","protected":false},"excerpt":{"rendered":"<div class=\"tmnf_excerpt\"><p>Fulda. Am 19. und 20. Juni findet im Fuldaer Bonifatiushaus wieder die Akademie \u201eOberst Helmut Korn\u201c der Gemeinschaft katholischer Soldaten (GKS) statt. Anla\u00df ist in diesem Jahr das 25. Jahrged\u00e4chtnis des am 12. Juni 1983 verstorbenen Oberst Dr. phil. Helmut Korn. Er war Mentor des organisierten Laienapostolats in der Katholischen Milit\u00e4rseelsorge f\u00fcr die Bundeswehr sowie &hellip;<\/p>\n<\/div>","protected":false},"author":1,"featured_media":0,"comment_status":"closed","ping_status":"closed","sticky":false,"template":"","format":"standard","meta":{"footnotes":""},"categories":[1,50],"tags":[],"class_list":["post-9894","post","type-post","status-publish","format-standard","hentry","category-startseite","category-kirche"],"_links":{"self":[{"href":"https:\/\/www.fuldaernachrichten.de\/index.php?rest_route=\/wp\/v2\/posts\/9894","targetHints":{"allow":["GET"]}}],"collection":[{"href":"https:\/\/www.fuldaernachrichten.de\/index.php?rest_route=\/wp\/v2\/posts"}],"about":[{"href":"https:\/\/www.fuldaernachrichten.de\/index.php?rest_route=\/wp\/v2\/types\/post"}],"author":[{"embeddable":true,"href":"https:\/\/www.fuldaernachrichten.de\/index.php?rest_route=\/wp\/v2\/users\/1"}],"replies":[{"embeddable":true,"href":"https:\/\/www.fuldaernachrichten.de\/index.php?rest_route=%2Fwp%2Fv2%2Fcomments&post=9894"}],"version-history":[{"count":0,"href":"https:\/\/www.fuldaernachrichten.de\/index.php?rest_route=\/wp\/v2\/posts\/9894\/revisions"}],"wp:attachment":[{"href":"https:\/\/www.fuldaernachrichten.de\/index.php?rest_route=%2Fwp%2Fv2%2Fmedia&parent=9894"}],"wp:term":[{"taxonomy":"category","embeddable":true,"href":"https:\/\/www.fuldaernachrichten.de\/index.php?rest_route=%2Fwp%2Fv2%2Fcategories&post=9894"},{"taxonomy":"post_tag","embeddable":true,"href":"https:\/\/www.fuldaernachrichten.de\/index.php?rest_route=%2Fwp%2Fv2%2Ftags&post=9894"}],"curies":[{"name":"wp","href":"https:\/\/api.w.org\/{rel}","templated":true}]}}