{"id":9893,"date":"2008-06-16T00:26:41","date_gmt":"2008-06-15T22:26:41","guid":{"rendered":"http:\/\/www.schoene-nachrichten.de\/?p=9893"},"modified":"2008-06-15T22:26:49","modified_gmt":"2008-06-15T20:26:49","slug":"sommerveranstaltungen-2008-im-schlosshof-und-am-domplatz","status":"publish","type":"post","link":"https:\/\/www.fuldaernachrichten.de\/?p=9893","title":{"rendered":"Sommerveranstaltungen 2008 im Schlosshof und am Domplatz"},"content":{"rendered":"<p><strong>Fulda. <\/strong>Die Planung der traditionellen Sommerveranstaltungen 2008 im Fuldaer Schlosshof\/Domplatz ist abgeschlossen. Den Anfang macht eine NACHT DER POESIE am 21.6. zwischen 22.00 und 24.00 Uhr auf dem Domplatz. <!--more--><\/p>\n<p>Zum Auftakt der Reihe im Schlosshof gastiert DIETER THOMAS KUHN mit seiner Band, der seit 2004 auf seiner Tour \u201eMusik ist Trumpf\u201c ummjubelte Erfolge feiert, am 1. August, 20.00 Uhr in der Domstatt.<br \/>\nAm 2. August folgt IN EXTREMO. Eine spektakul\u00e4re Show mit Feuer und Akrobatik, die Musik und Mystik des Mittelalters in die heutige Zeit tr\u00e4gt und Instrumente wie Laute, Dudelsack und Leier neu belebt.<\/p>\n<p>Ein Highlight wird der Auftritt der britischen S\u00e4ngerin KATIE MELUA am 7.8., 20 Uhr. Mit ihrem 3. Album \u201ePictures\u201c und hervorragenden Konzerten in aller Welt wird wieder ein echter Superstar in Fulda gastieren. \u201eA summer evening of Hits\u201c lautet der Titel des zweiten Konzertabends am Freitag, den 8. August, 20 Uhr auf dem Domplatz. CHRIS DE BURGH und Band werden von einem zus\u00e4tzlichen Orchester unterst\u00fctzt und seine Hits so in umfangreicher Klangkulisse pr\u00e4sentieren.<\/p>\n<p>Am Sonntag, den 17. August, 15 Uhr gastiert das \u201eTheater auf Tour\u201c mit dem Kindermusical PIPPI LANGSTRUMPF nach den Kinderb\u00fcchern von Astrid Lindgren im Schlosshof.<\/p>\n<p>Den Abschluss im Schlosshof bilden in diesem Jahr SCHILLER und THE QUEEN KINGS. Am 28. August wird Christopher von Deylen alias SCHILLER sein f\u00fcnftes Album \u201eSehnsucht\u201c pr\u00e4sentieren, das in bew\u00e4hrter Elektro-Pop-Manier nahtlos an die Erfolge der Vorg\u00e4nger \u201eGlockenspiel\u201c und \u201eZeitgeist\u201c ankn\u00fcpft. THE QUEEN KINGS, eine der gefragtesten Queen-Tributebands in Europa, beschlie\u00dfen den Sommer im Hof mit einem Feuerwerk (fast) aller Queen-Hits inklusive des G\u00e4nsehautklassikers \u201eBarcelona\u201c mit Unterst\u00fctzung der Operndiva Christiane Gogolin.<\/p>\n","protected":false},"excerpt":{"rendered":"<div class=\"tmnf_excerpt\"><p>Fulda. Die Planung der traditionellen Sommerveranstaltungen 2008 im Fuldaer Schlosshof\/Domplatz ist abgeschlossen. Den Anfang macht eine NACHT DER POESIE am 21.6. zwischen 22.00 und 24.00 Uhr auf dem Domplatz.<\/p>\n<\/div>","protected":false},"author":1,"featured_media":0,"comment_status":"closed","ping_status":"closed","sticky":false,"template":"","format":"standard","meta":{"footnotes":""},"categories":[1,44],"tags":[],"class_list":["post-9893","post","type-post","status-publish","format-standard","hentry","category-startseite","category-kultur"],"_links":{"self":[{"href":"https:\/\/www.fuldaernachrichten.de\/index.php?rest_route=\/wp\/v2\/posts\/9893","targetHints":{"allow":["GET"]}}],"collection":[{"href":"https:\/\/www.fuldaernachrichten.de\/index.php?rest_route=\/wp\/v2\/posts"}],"about":[{"href":"https:\/\/www.fuldaernachrichten.de\/index.php?rest_route=\/wp\/v2\/types\/post"}],"author":[{"embeddable":true,"href":"https:\/\/www.fuldaernachrichten.de\/index.php?rest_route=\/wp\/v2\/users\/1"}],"replies":[{"embeddable":true,"href":"https:\/\/www.fuldaernachrichten.de\/index.php?rest_route=%2Fwp%2Fv2%2Fcomments&post=9893"}],"version-history":[{"count":0,"href":"https:\/\/www.fuldaernachrichten.de\/index.php?rest_route=\/wp\/v2\/posts\/9893\/revisions"}],"wp:attachment":[{"href":"https:\/\/www.fuldaernachrichten.de\/index.php?rest_route=%2Fwp%2Fv2%2Fmedia&parent=9893"}],"wp:term":[{"taxonomy":"category","embeddable":true,"href":"https:\/\/www.fuldaernachrichten.de\/index.php?rest_route=%2Fwp%2Fv2%2Fcategories&post=9893"},{"taxonomy":"post_tag","embeddable":true,"href":"https:\/\/www.fuldaernachrichten.de\/index.php?rest_route=%2Fwp%2Fv2%2Ftags&post=9893"}],"curies":[{"name":"wp","href":"https:\/\/api.w.org\/{rel}","templated":true}]}}