{"id":9883,"date":"2008-06-16T00:39:53","date_gmt":"2008-06-15T22:39:53","guid":{"rendered":"http:\/\/www.schoene-nachrichten.de\/?p=9883"},"modified":"2008-06-15T22:40:03","modified_gmt":"2008-06-15T20:40:03","slug":"mitglieder-des-uewag-aufsichtsrats-neu-gewaehlt","status":"publish","type":"post","link":"https:\/\/www.fuldaernachrichten.de\/?p=9883","title":{"rendered":"Mitglieder des \u00dcWAG-Aufsichtsrats neu gew\u00e4hlt"},"content":{"rendered":"<p><strong>Fulda. <\/strong>Die Hauptversammlung der \u00dcWAG hat in ihrer Sitzung am 13. Juni 2008 die von der Anteilseignerseite zu stellenden Mitglieder des Aufsichtsrats der \u00dcWAG bis 2013 gew\u00e4hlt.<!--more--><\/p>\n<p>Fuldas Oberb\u00fcrgermeister Gerhard M\u00f6ller, Bernd Woide, Landrat des Landkreises Fulda, Erich Pipa, Landrat des Main-Kinzig-Kreises und Dr. Heiko Wingenfeld, Erster Kreisbeigeordneter des Landkreises Fulda, wurden von der Hauptversammlung als Vertreter des \u00dcWAG-Aktion\u00e4rs im Aufsichtsrat best\u00e4tigt.<\/p>\n<p>Die Mitarbeiterinnen und Mitarbeiter der \u00dcWAG-Gruppe hatten die Arbeitnehmervertreter f\u00fcr den Aufsichtsrat, den \u00dcWAG-Betriebsratsvorsitzenden Berthold Leinweber und Wagenpfleger Horst Laibach von der \u00dcWAG Verkehrs-GmbH, bereits im Mai des Jahres gew\u00e4hlt.<\/p>\n<p>Als Aufsichtsratsvorsitzenden bestimmte der Aufsichtsrat Oberb\u00fcrgermeister Gerhard M\u00f6ller. Er \u00fcbernimmt das Amt von Landrat Bernd Woide.<\/p>\n","protected":false},"excerpt":{"rendered":"<div class=\"tmnf_excerpt\"><p>Fulda. Die Hauptversammlung der \u00dcWAG hat in ihrer Sitzung am 13. Juni 2008 die von der Anteilseignerseite zu stellenden Mitglieder des Aufsichtsrats der \u00dcWAG bis 2013 gew\u00e4hlt.<\/p>\n<\/div>","protected":false},"author":1,"featured_media":0,"comment_status":"closed","ping_status":"closed","sticky":false,"template":"","format":"standard","meta":{"footnotes":""},"categories":[1],"tags":[],"class_list":["post-9883","post","type-post","status-publish","format-standard","hentry","category-startseite"],"_links":{"self":[{"href":"https:\/\/www.fuldaernachrichten.de\/index.php?rest_route=\/wp\/v2\/posts\/9883","targetHints":{"allow":["GET"]}}],"collection":[{"href":"https:\/\/www.fuldaernachrichten.de\/index.php?rest_route=\/wp\/v2\/posts"}],"about":[{"href":"https:\/\/www.fuldaernachrichten.de\/index.php?rest_route=\/wp\/v2\/types\/post"}],"author":[{"embeddable":true,"href":"https:\/\/www.fuldaernachrichten.de\/index.php?rest_route=\/wp\/v2\/users\/1"}],"replies":[{"embeddable":true,"href":"https:\/\/www.fuldaernachrichten.de\/index.php?rest_route=%2Fwp%2Fv2%2Fcomments&post=9883"}],"version-history":[{"count":0,"href":"https:\/\/www.fuldaernachrichten.de\/index.php?rest_route=\/wp\/v2\/posts\/9883\/revisions"}],"wp:attachment":[{"href":"https:\/\/www.fuldaernachrichten.de\/index.php?rest_route=%2Fwp%2Fv2%2Fmedia&parent=9883"}],"wp:term":[{"taxonomy":"category","embeddable":true,"href":"https:\/\/www.fuldaernachrichten.de\/index.php?rest_route=%2Fwp%2Fv2%2Fcategories&post=9883"},{"taxonomy":"post_tag","embeddable":true,"href":"https:\/\/www.fuldaernachrichten.de\/index.php?rest_route=%2Fwp%2Fv2%2Ftags&post=9883"}],"curies":[{"name":"wp","href":"https:\/\/api.w.org\/{rel}","templated":true}]}}