{"id":9882,"date":"2008-06-15T07:40:23","date_gmt":"2008-06-15T05:40:23","guid":{"rendered":"http:\/\/www.schoene-nachrichten.de\/?p=9882"},"modified":"2008-06-15T07:40:23","modified_gmt":"2008-06-15T05:40:23","slug":"geschaeftsjahr-2007-zeigt-uewag-gruppe-ist-gut-aufgestellt","status":"publish","type":"post","link":"https:\/\/www.fuldaernachrichten.de\/?p=9882","title":{"rendered":"Gesch\u00e4ftsjahr 2007 zeigt: \u00dcWAG-Gruppe ist gut aufgestellt"},"content":{"rendered":"<p><strong>Fulda.<\/strong> Fast 2,9 Milliarden Kilowattstunden Strom hat die \u00dcWAG im Gesch\u00e4ftsjahr 2007 an ihre Kunden in der Region und im gesamten Bundesgebiet verkauft \u2013 ein eindrucksvoller Beweis der Wettbewerbs- und Leistungsf\u00e4higkeit des f\u00fchrenden osthessischen Energieversorgungsunternehmens. <!--more--><\/p>\n<p>Die Steigerung des Stromabsatzes um 11,7 Prozent im Vergleich zum Vorjahr spiegelt sich in der Entwicklung des Umsatzes der \u00dcWAG-Gruppe wider: Er wuchs um 19,8 Prozent auf 272,6 Millionen Euro. Diese und viele weitere Daten und Fakten aus dem Lagebericht erl\u00e4uterte \u00dcWAG-Vorstand Dipl.-Ing. G\u00fcnter Bury am Freitag, 13. Juni 2008, vor der Verbandsversammlung des Zweckverbandes \u00dcberlandwerk Fulda-H\u00fcnfeld-Schl\u00fcchtern. Der Zweckverband ist der Alleinaktion\u00e4r der \u00dcWAG.<\/p>\n<p><strong>Langfristig erfolgreiche L\u00f6sungen<\/strong><\/p>\n<p>\u201eIm abgeschlossenen Gesch\u00e4ftsjahr haben wir viel Energie darauf verwandt, unser Handeln f\u00fcr die heutigen Erfordernisse zu optimieren und auf die Herausforderungen von morgen auszurichten. Denn das ist Voraussetzung, um die von uns angestrebten langfristig erfolgreichen L\u00f6sungen realisieren zu k\u00f6nnen \u2013 im Sinne der Mitarbeiterinnen und Mitarbeiter, der Anteilseigner, Kunden, Partner und aller gesellschaftlichen Gruppen, mit denen die \u00dcWAG und ihre Tochterunternehmen in Beziehungen stehen\u201c, berichtete G\u00fcnter Bury der Verbandsversammlung und dankte f\u00fcr das Vertrauen und die konstruktive Zusammenarbeit.<\/p>\n<p>Die Kunden der \u00dcWAG profitieren von den neuen ma\u00dfgeschneiderten Produkten, die seit September 2007 angeboten werden. Durch die Erweiterung des Angebots k\u00f6nnen die \u00dcWAG-Kunden nun genau den Tarif w\u00e4hlen, der am besten zu ihren Verbrauchsgewohnheiten passt \u2013 wettbewerbsf\u00e4hige Preise sind dabei selbstverst\u00e4ndlich. Neu eingef\u00fchrt wurde auch \u00dcWAG\u00d6ko \u2013 eines der preiswertesten \u00d6kostromangebote Deutschlands, das mittlerweile vom T\u00dcV S\u00fcd zertifiziert wurde.<\/p>\n<p>Die neuen Angebote werden gut angenommen, berichtete \u00dcWAG-Vorstand Bury. \u201eFast 22.000 Kunden haben sich bereits f\u00fcr einen neuen Tarif bei der \u00dcWAG entschieden. Unser differenziertes und attraktives Angebot ist sicher ein wichtiger Grund daf\u00fcr, dass es uns gelungen ist, Kunden st\u00e4rker zu binden als viele Wettbewerber: Unsere Wechselquote liegt klar unter dem Bundesdurchschnitt.\u201c<\/p>\n<p>Mit Erweiterung und Neugestaltung des \u00dcWAG-Kundenzentrums in Fulda, dem Energie-Forum der Region, hat die \u00dcWAG eine zentrale Anlaufstelle geschaffen f\u00fcr alle Fragen rund um die Zukunftsthemen Energie, Mobilit\u00e4t und Umwelt. Hier wird das Angebot der \u00dcWAG und ihrer Tochterunternehmen f\u00fcr die Kunden geb\u00fcndelt. \u201eDie pers\u00f6nliche Beratung und Betreuung hebt die \u00dcWAG von Wettbewerbern ab, die Kundenkontakte oft nur noch telefonisch oder \u00fcber das Internet abwickeln\u201c, erl\u00e4uterte G\u00fcnter Bury der Verbandsversammlung.<\/p>\n<p><strong>Arbeitspl\u00e4tze mit Zukunft<\/strong><\/p>\n<p>\u201eEine starke Teamleistung zeichnet die Mitarbeiterinnen und Mitarbeiter der \u00dcWAG-Gruppe aus\u201c, lobte der \u00dcWAG-Vorstand sein Team. Ein besonderes Beispiel daf\u00fcr, was die eingespielte \u00dcWAG-Mannschaft in Ausnahmesituationen leisten k\u00f6nne, sei die Zusammenarbeit beim Orkan \u201eKyrill\u201c gewesen. Mit \u00fcber 150 Kilometern pro Stunde war der Sturm vom 18. auf den 19. Januar 2007 \u00fcber Hessen hinweggefegt. In der Leitzentrale der \u00dcWAG liefen in einer einzigen Nacht fast so viele Fehlermeldungen auf wie im gesamten Jahr zuvor, 40 Mitarbeiter arbeiteten die ganze Nacht unter schwierigsten Bedingungen. Mit schnellem und professionellem Einsatz konnten so die Folgen von \u201eKyrill\u201c f\u00fcr die Stromversorgung der Region in Grenzen gehalten werden.<\/p>\n<p>Positive Entwicklungen konnte \u00dcWAG-Vorstand G\u00fcnter Bury aus den sieben Tochterunternehmen der \u00dcWAG vermelden. Auf dem W\u00e4rmemarkt, der durch immer neue H\u00f6chstst\u00e4nde bei \u00d6l- und Gaspreisen in Bewegung gekommen ist, steht beispielsweise die TERRA THERM Erdw\u00e4rme GmbH bereit: Mit Erfahrung aus mittlerweile einer Viertelmillion Bohrmetern auch in schwierigsten Bebauungssituationen setzt sie Erdw\u00e4rmesonden f\u00fcr die Nutzung der im Erdreich gespeicherten Sonnenenergie mit hocheffizienten Erdw\u00e4rmepumpen.<\/p>\n<p>Insbesondere durch Wachstum in den Tochtergesellschaften stieg die durchschnittliche Anzahl der Mitarbeiterinnen und Mitarbeiter sowie der Auszubildenden der \u00dcWAG-Gruppe im Gesch\u00e4ftsjahr 2007 um 59 auf 589 Besch\u00e4ftigte in Vollzeit (plus 11 Prozent). 15 Azubis (50 Prozent mehr als im Vorjahr) starteten bei \u00dcWAG oder einer ihrer Tochtergesellschaften ins Berufsleben. Durch die Ausbildungsoffensive der \u00dcWAG-Gruppe standen zum Jahresende 2007 40 junge Leute in einem Ausbildungsverh\u00e4ltnis: die Anzahl der Auszubildenden erreichte damit einen H\u00f6chststand.<\/p>\n<p>Seit Januar 2008 findet in der \u00dcWAG ausschlie\u00dflich der Tarifvertrag Versorgungsbetriebe (TV-V) mit den erg\u00e4nzenden Regelungen eines \u00dcberleitungstarifvertrags Anwendung. Alle Mitarbeiterinnen und Mitarbeiter der \u00dcWAG wurden erg\u00e4nzend dazu neu in das Tarifwerk des TV-V eingruppiert. Als moderner Spartentarifvertrag erm\u00f6glicht der TV-V flexible Regelungen und eine gr\u00f6\u00dfere individuelle Leistungsorientierung. Die \u00dcWAG ist dadurch besser in der Lage, den k\u00fcnftigen Wettbewerbserfordernissen Rechnung zu tragen.<\/p>\n<p><strong>Gro\u00dfe regionalwirtschaftliche Bedeutung<\/strong><\/p>\n<p>Der \u00dcberschuss der gesch\u00e4ftlichen Aktivit\u00e4ten der \u00dcWAG blieb im Gesch\u00e4ftsjahr 2007 mit rund 10,8 Millionen Euro auf Vorjahresniveau. Daraus zahlt das Unternehmen seinem kommunalen Aktion\u00e4r eine Dividende von 9,72 Millionen Euro \u2013 ebenfalls in Vorjahresh\u00f6he. Diese Summe flie\u00dft in die kommunalen Haushalte: Aus der Aussch\u00fcttung erhalten der Landkreis Fulda 5,02 Millionen Euro, die Stadt Fulda 3,93 Millionen Euro, der Main-Kinzig-Kreis 638.000 Euro und der Landkreis Hersfeld-Rotenburg 132.000 Euro (alle Angaben gerundet und brutto).<\/p>\n<p>\u201eDie Gewinne, die wir erwirtschaften, bleiben vollst\u00e4ndig in der Region. Daher haben hier alle Menschen teil am wirtschaftlichen Erfolg der \u00dcWAG und ihrer Tochtergesellschaften\u201c, wies \u00dcWAG-Vorstand Dipl.-Ing. G\u00fcnter Bury auf die besondere Verbindung des Unternehmens mit seiner Heimat hin. Die gro\u00dfe regionalwirtschaftliche Bedeutung der \u00dcWAG-Gruppe habe auch eine wissenschaftliche Untersuchung im abgeschlossenen Gesch\u00e4ftsjahr eindrucksvoll untermauert.<\/p>\n<p>Das renommierte Eduard Pestel Institut aus Hannover bezifferte erstmals konkret den Mehrwert der \u00dcWAG f\u00fcr die Region. \u201eDie \u00dcWAG und Tochtergesellschaften sind unverzichtbar f\u00fcr Infrastruktur und wirtschaftliche St\u00e4rke unserer Heimat\u201c, konnte der \u00dcWAG-Vorstand das Ergebnis der Studie zusammenfassen: Insgesamt fast 1.500 Arbeitspl\u00e4tze h\u00e4ngen an den wirtschaftlichen Aktivit\u00e4ten der \u00dcWAG-Gruppe. Zus\u00e4tzlich zur eigenen Wertsch\u00f6pfung von 75,7 Millionen Euro entstehen in der Region Osthessen weitere 42 Millionen Euro Wertsch\u00f6pfung vor allem durch Auftr\u00e4ge an regionale Unternehmen. Ausdr\u00fccklich weist die Studie des Eduard Pestel Instituts darauf hin, dass all diese positiven Effekte f\u00fcr die Region nicht mit im Vergleich zu Wettbewerbern h\u00f6heren Strompreisen erkauft werden.<\/p>\n<p>\u201eInsgesamt ist die \u00dcWAG-Gruppe gut aufgestellt: Wir haben Ma\u00dfnahmen eingeleitet, um im versch\u00e4rften Wettbewerb um die Stromkunden erfolgreich bestehen zu k\u00f6nnen, und wir bereiten uns kontinuierlich vor auf den zunehmenden staatlichen Regulierungsdruck \u2013 denn wir wollen weiter ein starker Partner der Region und der Menschen, die hier zu Hause sind, sein\u201c, fasste \u00dcWAG-Vorstand G\u00fcnter Bury seine Ausf\u00fchrungen vor den Mitgliedern der Verbandsversammlung zusammen.<\/p>\n","protected":false},"excerpt":{"rendered":"<div class=\"tmnf_excerpt\"><p>Fulda. Fast 2,9 Milliarden Kilowattstunden Strom hat die \u00dcWAG im Gesch\u00e4ftsjahr 2007 an ihre Kunden in der Region und im gesamten Bundesgebiet verkauft \u2013 ein eindrucksvoller Beweis der Wettbewerbs- und Leistungsf\u00e4higkeit des f\u00fchrenden osthessischen Energieversorgungsunternehmens.<\/p>\n<\/div>","protected":false},"author":1,"featured_media":0,"comment_status":"closed","ping_status":"closed","sticky":false,"template":"","format":"standard","meta":{"footnotes":""},"categories":[1],"tags":[],"class_list":["post-9882","post","type-post","status-publish","format-standard","hentry","category-startseite"],"_links":{"self":[{"href":"https:\/\/www.fuldaernachrichten.de\/index.php?rest_route=\/wp\/v2\/posts\/9882","targetHints":{"allow":["GET"]}}],"collection":[{"href":"https:\/\/www.fuldaernachrichten.de\/index.php?rest_route=\/wp\/v2\/posts"}],"about":[{"href":"https:\/\/www.fuldaernachrichten.de\/index.php?rest_route=\/wp\/v2\/types\/post"}],"author":[{"embeddable":true,"href":"https:\/\/www.fuldaernachrichten.de\/index.php?rest_route=\/wp\/v2\/users\/1"}],"replies":[{"embeddable":true,"href":"https:\/\/www.fuldaernachrichten.de\/index.php?rest_route=%2Fwp%2Fv2%2Fcomments&post=9882"}],"version-history":[{"count":0,"href":"https:\/\/www.fuldaernachrichten.de\/index.php?rest_route=\/wp\/v2\/posts\/9882\/revisions"}],"wp:attachment":[{"href":"https:\/\/www.fuldaernachrichten.de\/index.php?rest_route=%2Fwp%2Fv2%2Fmedia&parent=9882"}],"wp:term":[{"taxonomy":"category","embeddable":true,"href":"https:\/\/www.fuldaernachrichten.de\/index.php?rest_route=%2Fwp%2Fv2%2Fcategories&post=9882"},{"taxonomy":"post_tag","embeddable":true,"href":"https:\/\/www.fuldaernachrichten.de\/index.php?rest_route=%2Fwp%2Fv2%2Ftags&post=9882"}],"curies":[{"name":"wp","href":"https:\/\/api.w.org\/{rel}","templated":true}]}}