{"id":9878,"date":"2008-06-15T01:19:55","date_gmt":"2008-06-14T23:19:55","guid":{"rendered":"http:\/\/www.schoene-nachrichten.de\/?p=9878"},"modified":"2008-12-15T13:16:48","modified_gmt":"2008-12-15T12:16:48","slug":"bad-hersfelder-festspiele-2008-die-jungfrau-von-orleans","status":"publish","type":"post","link":"https:\/\/www.fuldaernachrichten.de\/?p=9878","title":{"rendered":"Bad Hersfelder Festspiele 2008 &#8211; Die Jungfrau von Orleans"},"content":{"rendered":"<p><strong>Zum St\u00fcck.<\/strong> Das m\u00e4chtige franz\u00f6sische K\u00f6nigreich droht durch einen B\u00fcrgerkrieg zu zerfallen. Diese Situation macht sich England zu nutze, das seit fast einem Jahrhundert Anspr\u00fcche auf die franz\u00f6sische Krone erhebt. Die Engl\u00e4nder besetzen das Land und ziehen eine der B\u00fcrgerkriegsparteien auf ihre Seite. Der rechtm\u00e4\u00dfige, z\u00f6gerliche Herrscher Karl VII. wurde noch nicht gekr\u00f6nt und ist bereit, dem englischen Herrscheranspruch stattzugeben. Nichts scheint mehr den Untergang des franz\u00f6sischen K\u00f6nigreiches verhindern zu k\u00f6nnen.<\/p>\n<p><strong>Fotos und Video:<\/strong> Max Colin Heydenreich \/ IPTV Plus<\/p>\n<p><a title=\"Foto: Max Colin Heydenreich\" rel=\"lightbox[roadtrip]\" href=\"http:\/\/www.schoene-nachrichten.de\/wp-content\/uploads\/2008\/06\/080613_Festspiele_003.jpg\" target=\"_blank\"><img decoding=\"async\" src=\"http:\/\/www.schoene-nachrichten.de\/wp-content\/uploads\/2008\/06\/080613_Festspiele_003.thumbnail.jpg\" alt=\"080613_Festspiele_003.jpg\" width=\"128\" \/><\/a> <a title=\"Foto: Max Colin Heydenreich\" rel=\"lightbox[roadtrip]\" href=\"http:\/\/www.schoene-nachrichten.de\/wp-content\/uploads\/2008\/06\/080613_Festspiele_007.jpg\" target=\"_blank\"><img decoding=\"async\" src=\"http:\/\/www.schoene-nachrichten.de\/wp-content\/uploads\/2008\/06\/080613_Festspiele_007.thumbnail.jpg\" alt=\"080613_Festspiele_007.jpg\" width=\"128\" \/><\/a> <a title=\"Foto: Max Colin Heydenreich\" rel=\"lightbox[roadtrip]\" href=\"http:\/\/www.schoene-nachrichten.de\/wp-content\/uploads\/2008\/06\/080613_Festspiele_005.jpg\" target=\"_blank\"><img decoding=\"async\" src=\"http:\/\/www.schoene-nachrichten.de\/wp-content\/uploads\/2008\/06\/080613_Festspiele_005.thumbnail.jpg\" alt=\"080613_Festspiele_005.jpg\" width=\"128\" \/><\/a><\/p>\n<p><a title=\"Foto: Max Colin Heydenreich\" rel=\"lightbox[roadtrip]\" href=\"http:\/\/www.schoene-nachrichten.de\/wp-content\/uploads\/2008\/06\/080613_Festspiele_001.jpg\" target=\"_blank\"><img decoding=\"async\" src=\"http:\/\/www.schoene-nachrichten.de\/wp-content\/uploads\/2008\/06\/080613_Festspiele_001.thumbnail.jpg\" alt=\"080613_Festspiele_001.jpg\" width=\"128\" \/><\/a> <a title=\"Foto: Max Colin Heydenreich\" rel=\"lightbox[roadtrip]\" href=\"http:\/\/www.schoene-nachrichten.de\/wp-content\/uploads\/2008\/06\/080613_Festspiele_004.jpg\" target=\"_blank\"><img decoding=\"async\" src=\"http:\/\/www.schoene-nachrichten.de\/wp-content\/uploads\/2008\/06\/080613_Festspiele_004.thumbnail.jpg\" alt=\"080613_Festspiele_004.jpg\" width=\"128\" \/><\/a> <a title=\"Foto: Max Colin Heydenreich\" rel=\"lightbox[roadtrip]\" href=\"http:\/\/www.schoene-nachrichten.de\/wp-content\/uploads\/2008\/06\/080613_Festspiele_002.jpg\" target=\"_blank\"><img decoding=\"async\" src=\"http:\/\/www.schoene-nachrichten.de\/wp-content\/uploads\/2008\/06\/080613_Festspiele_002.thumbnail.jpg\" alt=\"080613_Festspiele_002.jpg\" width=\"128\" \/><\/a><\/p>\n<p><strong>Flash-Video ansehen:<\/strong><\/p>\n<p><!--more--><\/p>\n<p>Da erscheint die junge Sch\u00e4ferin Jeanne d\u00e2\u20ac\u2122Arc bei Hofe. In ihrer Heimat hatte sie beim H\u00fcten der Schafe die Stimme der Jungfrau Maria vernommen und f\u00fchlt sich so berufen, Frankreich von seinen Besatzern zu befreien und Karl VII. in Reims zum K\u00f6nig kr\u00f6nen zu lassen. Durch den unbeirrbaren Glauben an ihre Mission und die daraus resultierende \u00dcberzeugungskraft gelingt ihr das scheinbar Unm\u00f6gliche: Sie eint die franz\u00f6sischen Parteien, besiegt das englische Heer und f\u00fchrt Karl VII. zur K\u00f6nigskr\u00f6nung nach Reims.<\/p>\n<p><a title=\"Foto: Max Colin Heydenreich\" rel=\"lightbox[roadtrip]\" href=\"http:\/\/www.schoene-nachrichten.de\/wp-content\/uploads\/2008\/06\/080613_Festspiele_006.jpg\" target=\"_blank\"><img decoding=\"async\" src=\"http:\/\/www.schoene-nachrichten.de\/wp-content\/uploads\/2008\/06\/080613_Festspiele_006.thumbnail.jpg\" alt=\"080613_Festspiele_006.jpg\" width=\"128\" \/><\/a> <a title=\"Foto: Max Colin Heydenreich\" rel=\"lightbox[roadtrip]\" href=\"http:\/\/www.schoene-nachrichten.de\/wp-content\/uploads\/2008\/06\/080613_Festspiele_008.jpg\" target=\"_blank\"><img decoding=\"async\" src=\"http:\/\/www.schoene-nachrichten.de\/wp-content\/uploads\/2008\/06\/080613_Festspiele_008.thumbnail.jpg\" alt=\"080613_Festspiele_008.jpg\" width=\"128\" \/><\/a> <a title=\"Foto: Max Colin Heydenreich\" rel=\"lightbox[roadtrip]\" href=\"http:\/\/www.schoene-nachrichten.de\/wp-content\/uploads\/2008\/06\/080613_Festspiele_009.jpg\" target=\"_blank\"><img decoding=\"async\" src=\"http:\/\/www.schoene-nachrichten.de\/wp-content\/uploads\/2008\/06\/080613_Festspiele_009.thumbnail.jpg\" alt=\"080613_Festspiele_009.jpg\" width=\"128\" \/><\/a><\/p>\n<p>Doch im Moment ihres gr\u00f6\u00dften Triumphes wendet sich das Schicksal: Die gleichen Argumente, die f\u00fcr sie zu sprechen schienen, werden nun gegen sie verwandt &#8230;<\/p>\n<p><strong>\u00dcber den Regisseur Torsten Fischer:<\/strong><\/p>\n<p>Torsten Fischer, geboren am 26. April 1958 in Berlin, arbeitete, nach seinem Studium f\u00fcr H\u00f6heres Lehramt \u201eBiologie\/Chemie\u201c an der FU Berlin, von 1978 bis 1981 als Lehrer und Betreuer drogenabh\u00e4ngiger und ausl\u00e4ndischer Strafgefangener in der Jugendstrafanstalt Pl\u00f6tzensee Berlin.<\/p>\n<p>1981 wurde er als Regieassistent und Dramaturg bei G\u00fcnther Kr\u00e4mer und Hansg\u00fcnter Heyme ans Staatstheater Stuttgart engagiert. F\u00fcr eine Gast-Spielzeit wechselte er 1984 zum Schillertheater Berlin und wurde noch im selben Jahr als Hausregisseur ans Bremer Theater verpflichtet. 1990 wechselte er als Oberspielleiter an die B\u00fchnen der Stadt K\u00f6ln, von 1995 bis 2003 \u00fcbernahm er dort die Position des Schauspieldirektors.<\/p>\n<p>Torsten Fischer wirkte ebenfalls bei zahlreichen Opern- und Schauspiel-Inszenierungen als Gastregisseur, u.a. in Berlin (Deutsche Oper), Wien (Theater in der Josefstadt, Volkstheater, Volksoper, Theater an der Wien), Stra\u00dfburg (Op\u00e9ra Nationale du Rhin), New York (NYC Opera), Basel und Z\u00fcrich.1988 und 2005 erhielt er den Karl-Skraup-Preis der Stadt Wien und 1991 beim NRW-Theatertreffen den Inszenierungspreis f\u00fcr die beste Regie (\u201eMein Kampf\u201c \/ \u201eKannibalen\u201c) sowie 1992 den Aufzeichnungspreis f\u00fcr \u201eWaikiki-Beach\u201c. Zur Zeit laufen seine Inszenierungen \u201eI am my own wife\u201c von Doug Wright (Deutsche Erstauff\u00fchrung) am Renaissance Theater Berlin sowie die \u00d6sterreichische Erstauff\u00fchrung von Neil LaBute\u00e2\u20ac\u2122s \u201eWie es so l\u00e4uft\u201c am Theater in der Josefstadt Wien.<\/p>\n<p>In Bad Hersfeld inszenierte Torsten Fischer bereits Goethes \u201eFaust I\u201c (2006) und \u201eFaust II\u201c (2007).<\/p>\n","protected":false},"excerpt":{"rendered":"<div class=\"tmnf_excerpt\"><p>Zum St\u00fcck. Das m\u00e4chtige franz\u00f6sische K\u00f6nigreich droht durch einen B\u00fcrgerkrieg zu zerfallen. Diese Situation macht sich England zu nutze, das seit fast einem Jahrhundert Anspr\u00fcche auf die franz\u00f6sische Krone erhebt. Die Engl\u00e4nder besetzen das Land und ziehen eine der B\u00fcrgerkriegsparteien auf ihre Seite. Der rechtm\u00e4\u00dfige, z\u00f6gerliche Herrscher Karl VII. wurde noch nicht gekr\u00f6nt und ist &hellip;<\/p>\n<\/div>","protected":false},"author":1,"featured_media":0,"comment_status":"closed","ping_status":"closed","sticky":false,"template":"","format":"standard","meta":{"footnotes":""},"categories":[1,54,79,44],"tags":[],"class_list":["post-9878","post","type-post","status-publish","format-standard","hentry","category-startseite","category-bildergalerien","category-kino","category-kultur"],"_links":{"self":[{"href":"https:\/\/www.fuldaernachrichten.de\/index.php?rest_route=\/wp\/v2\/posts\/9878","targetHints":{"allow":["GET"]}}],"collection":[{"href":"https:\/\/www.fuldaernachrichten.de\/index.php?rest_route=\/wp\/v2\/posts"}],"about":[{"href":"https:\/\/www.fuldaernachrichten.de\/index.php?rest_route=\/wp\/v2\/types\/post"}],"author":[{"embeddable":true,"href":"https:\/\/www.fuldaernachrichten.de\/index.php?rest_route=\/wp\/v2\/users\/1"}],"replies":[{"embeddable":true,"href":"https:\/\/www.fuldaernachrichten.de\/index.php?rest_route=%2Fwp%2Fv2%2Fcomments&post=9878"}],"version-history":[{"count":3,"href":"https:\/\/www.fuldaernachrichten.de\/index.php?rest_route=\/wp\/v2\/posts\/9878\/revisions"}],"predecessor-version":[{"id":17522,"href":"https:\/\/www.fuldaernachrichten.de\/index.php?rest_route=\/wp\/v2\/posts\/9878\/revisions\/17522"}],"wp:attachment":[{"href":"https:\/\/www.fuldaernachrichten.de\/index.php?rest_route=%2Fwp%2Fv2%2Fmedia&parent=9878"}],"wp:term":[{"taxonomy":"category","embeddable":true,"href":"https:\/\/www.fuldaernachrichten.de\/index.php?rest_route=%2Fwp%2Fv2%2Fcategories&post=9878"},{"taxonomy":"post_tag","embeddable":true,"href":"https:\/\/www.fuldaernachrichten.de\/index.php?rest_route=%2Fwp%2Fv2%2Ftags&post=9878"}],"curies":[{"name":"wp","href":"https:\/\/api.w.org\/{rel}","templated":true}]}}