{"id":98766,"date":"2012-05-30T00:16:16","date_gmt":"2012-05-30T00:16:16","guid":{"rendered":"http:\/\/www.fuldaer-nachrichten.de\/?p=98766"},"modified":"2012-05-29T20:19:54","modified_gmt":"2012-05-29T20:19:54","slug":"vogelsberger-krankenhauser-warben-bei-medizinstudenten-in-giesen-wahrscheinlichkeit-fur-ansiedlung-steigt","status":"publish","type":"post","link":"https:\/\/www.fuldaernachrichten.de\/?p=98766","title":{"rendered":"Vogelsberger Krankenh\u00e4user warben bei Medizinstudenten in Gie\u00dfen \u2013 \u201eWahrscheinlichkeit f\u00fcr Ansiedlung steigt\u201c"},"content":{"rendered":"<p><a href=\"http:\/\/www.fuldaer-nachrichten.de\/wp-content\/uploads\/2012\/05\/GoerigMitKrankenhausvertretern.jpg\"><img decoding=\"async\" class=\"alignleft size-thumbnail wp-image-98767\" title=\"GoerigMitKrankenhausvertretern\" src=\"http:\/\/www.fuldaer-nachrichten.de\/wp-content\/uploads\/2012\/05\/GoerigMitKrankenhausvertretern-265x177.jpg\" alt=\"\" width=\"265\" height=\"177\" srcset=\"https:\/\/www.fuldaernachrichten.de\/wp-content\/uploads\/2012\/05\/GoerigMitKrankenhausvertretern-265x177.jpg 265w, https:\/\/www.fuldaernachrichten.de\/wp-content\/uploads\/2012\/05\/GoerigMitKrankenhausvertretern.jpg 600w\" sizes=\"(max-width: 265px) 100vw, 265px\" \/><\/a>Vogelsbergkreis. Erster Kreisbeigeordneter Manfred G\u00f6rig ist erfreut \u00fcber die Resonanz der Klinik-Kontakt-Messe, die vor Kurzem bereits zum zweiten Mal in der Giessener Kongresshalle stattfand. Das Kreiskrankenhaus Alsfeld, das Eichhofkrankenhaus Lauterbach und das Kreiskrankenhaus Schotten warben mit Unterst\u00fctzung des Vogelsberger B\u00fcndnisses f\u00fcr Familie f\u00fcr das Konzept der \u201eIntegrierten \u00e4rztlichen Weiterbildung\u201c.<!--more--><br \/>\nDieses Konzept erh\u00f6ht nach Auffassung des k\u00fcnftigen Landrats die Wahrscheinlichkeit, dass sich junge Medizinerinnen und Mediziner nach ihrem Studium f\u00fcr den Vogelsbergkreis als Standort entscheiden \u2013 zun\u00e4chst in der Facharztausbildung in den heimischen Krankenh\u00e4usern. \u201eDaraus kann sehr gut der Wunsch entstehen, sich dann auch als Arzt bzw. \u00c4rztin mit einer Praxis im Vogelsberg niederzulassen\u201c, erl\u00e4utert Dr. Henrik Reygers, stellvertretender Leiter des Kreisgesundheitsamtes. Sein Amt koordiniert die Aktivit\u00e4ten im \u201eArbeitskreis \u00e4rztliche Versorgung\u201c. Dieser Arbeitskreis kommt am 27. Juni erneut zusammen. In ihm wirken niedergelassene \u00c4rzte und Vertreter aller regionalen Krankenh\u00e4user zusammen.<\/p>\n<p>Den Bereichen Weiterbildung sowie der \u00e4rztlichen Notfall- und Sonntagsvertretung komme bei der Koordination dem Gesundheitsamt eine wichtige Rolle zu, betont G\u00f6rig. \u201eWir werden uns professioneller k\u00fcmmern m\u00fcssen\u201c, betonte der k\u00fcnftige Landrat im Gespr\u00e4ch mit \u00c4rzten in Gie\u00dfen. Gemeinsam mit Dr. Reygers betont G\u00f6rig, dass die Rahmenbedingungen stimmen m\u00fcssen, damit sich junge Arztfamilien f\u00fcr die Niederlassung in einer bestimmten Region entscheiden. \u201eDie Medizin ist weiblich\u201c, unterstreicht Dr. Reygers \u2013 drei von vier Medizinstudierenden sind Frauen. \u201eGerade die jungen Frauen fordern ein familienfreundliches Umfeld zu Recht ein.\u201c G\u00f6rig k\u00fcndigte in Gie\u00dfen im Gespr\u00e4ch am Stand der drei regionalen Krankenh\u00e4user an, er werde im Gesundheitsamt eine \u201eKoordinierungsstelle \u00e4rztliche Versorgung\u201c einrichten.<\/p>\n<p>Vogelsberger Konzept \u201eIntegrierte Weiterbildung\u201c ist attraktiv<\/p>\n<p>Hochrangige Vertreter und Medizinerinnen und Mediziner des Eichhofkrankenhauses Lauterbach, des Kreiskrankenhauses Alsfeld und des Kreiskrankenhauses Schotten warben in Gie\u00dfen f\u00fcr die guten M\u00f6glichkeiten integrierter Weiterbildung im Vogelsbergkreis. Die Zielgruppe der \u201eKlinik-Kontakt-Messe\u201c sind vor allem Medizinstudenten, die kurz vor Ende ihres universit\u00e4ren Abschlusses Ausschau halten nach Weiterbildungsstellen (zum Beispiel Facharzt f\u00fcr Allgemeinmedizin) \u2013 und nicht zuletzt nach sp\u00e4teren Niederlassungsm\u00f6glichkeiten in eigener Praxis oder in Praxisgemeinschaften.<\/p>\n<p>Das Besondere am Vogelsberg: hier arbeiten niedergelassene \u00c4rzte und Kliniken bereits bemerkenswert eng in der Weiterbildung von jungen \u00c4rzten zusammen. Vor allem mit diesem \u201eIntegrierten Konzept\u201c wurde in Gie\u00dfen geworben.<\/p>\n<p>Informieren, Kennenlernen, Kontakte kn\u00fcpfen: Auf der \u201eKlinik-Kontakt-Messe\u201c konnten Medizinstudierende und junge Absolventen die M\u00f6glichkeit nutzen, im direkten Austausch mit Kliniken der Region alles \u00fcber Praktika, Assistenzarztstellen, Arbeitsbedingungen und vieles mehr zu erfahren. Die Weiterbildungsangebote waren dabei nicht auf Studierende der h\u00f6heren Semester beschr\u00e4nkt. Auch f\u00fcr Studierende der Vorklinik und der ersten klinischen Semester gab es vielf\u00e4ltige Informationen, unter anderem zu Famulaturen, Pflegepraktika und Nebenjobs im Krankenhaus.<\/p>\n<p>Die Vogelsberger Aktion in Gie\u00dfen ist ein Projekt des \u201eArbeitskreises \u00e4rztliche Versorgung im l\u00e4ndlichen Raum\u201c. Der Arbeitskreis ist Produkt der Vogelsberger Gesundheitskonferenz 2010. Dem Kongress vorausgegangen war die Erstellung eines Konzepts zur Verbesserung der \u00e4rztlichen Versorgung, was wiederum auf die Initiative des Arbeitskreises Gesundheit und Pflege im Vogelsberger B\u00fcndnisses f\u00fcr Familie zur\u00fcckgeht.<\/p>\n<p>Das Foto zeigt von links: Sven Anlauf, (Internist, Eichhof-Krankenhaus), Dr. Johannes-Josef Veltin (Leitender Oberarzt Chirurgie, Eichhof-Krankenhaus), Dr. Norbert Sehn, (Chefarzt An\u00e4sthesie, Eichhof-Krankenhaus), Peter Mader, (Oberarzt Chirurgie, Kreiskrankenhaus Schotten), Dr. Henrik Reygers (stellvertretender Leiter Kreisgesundheitsamt Vogelsberg), Prof. Dr. Reinhard Voss, (Chefarzt Innere, Kreiskrankenhaus Schotten), Erster Kreisbeigeordneter Manfred G\u00f6rig, Sussane Sommer (Kompetenzzentrum Weiterbildung Allgemeinmedizin Uni Marburg), Iris Depfenhart, (\u00c4rztin, Kreiskrankenhaus Alsfeld), Hans-Werner M\u00fcller, (Prokurist, Kreiskrankenhaus Alsfeld). Foto: Erich Ruhl, Pressestelle Vogelsbergkreis<\/p>\n","protected":false},"excerpt":{"rendered":"<div class=\"tmnf_excerpt\"><p>Vogelsbergkreis. Erster Kreisbeigeordneter Manfred G\u00f6rig ist erfreut \u00fcber die Resonanz der Klinik-Kontakt-Messe, die vor Kurzem bereits zum zweiten Mal in der Giessener Kongresshalle stattfand. Das Kreiskrankenhaus Alsfeld, das Eichhofkrankenhaus Lauterbach und das Kreiskrankenhaus Schotten warben mit Unterst\u00fctzung des Vogelsberger B\u00fcndnisses f\u00fcr Familie f\u00fcr das Konzept der \u201eIntegrierten \u00e4rztlichen Weiterbildung\u201c.<\/p>\n<\/div>","protected":false},"author":1,"featured_media":0,"comment_status":"closed","ping_status":"closed","sticky":false,"template":"","format":"standard","meta":{"footnotes":""},"categories":[1,51],"tags":[],"class_list":["post-98766","post","type-post","status-publish","format-standard","hentry","category-startseite","category-medizin"],"_links":{"self":[{"href":"https:\/\/www.fuldaernachrichten.de\/index.php?rest_route=\/wp\/v2\/posts\/98766","targetHints":{"allow":["GET"]}}],"collection":[{"href":"https:\/\/www.fuldaernachrichten.de\/index.php?rest_route=\/wp\/v2\/posts"}],"about":[{"href":"https:\/\/www.fuldaernachrichten.de\/index.php?rest_route=\/wp\/v2\/types\/post"}],"author":[{"embeddable":true,"href":"https:\/\/www.fuldaernachrichten.de\/index.php?rest_route=\/wp\/v2\/users\/1"}],"replies":[{"embeddable":true,"href":"https:\/\/www.fuldaernachrichten.de\/index.php?rest_route=%2Fwp%2Fv2%2Fcomments&post=98766"}],"version-history":[{"count":0,"href":"https:\/\/www.fuldaernachrichten.de\/index.php?rest_route=\/wp\/v2\/posts\/98766\/revisions"}],"wp:attachment":[{"href":"https:\/\/www.fuldaernachrichten.de\/index.php?rest_route=%2Fwp%2Fv2%2Fmedia&parent=98766"}],"wp:term":[{"taxonomy":"category","embeddable":true,"href":"https:\/\/www.fuldaernachrichten.de\/index.php?rest_route=%2Fwp%2Fv2%2Fcategories&post=98766"},{"taxonomy":"post_tag","embeddable":true,"href":"https:\/\/www.fuldaernachrichten.de\/index.php?rest_route=%2Fwp%2Fv2%2Ftags&post=98766"}],"curies":[{"name":"wp","href":"https:\/\/api.w.org\/{rel}","templated":true}]}}