{"id":9876,"date":"2008-06-14T00:29:31","date_gmt":"2008-06-13T22:29:31","guid":{"rendered":"http:\/\/www.schoene-nachrichten.de\/?p=9876"},"modified":"2008-06-13T19:20:16","modified_gmt":"2008-06-13T17:20:16","slug":"stipendien-fuer-mobile-absolventen-netzwerk-fuer-eu-praktika-vergibt-mittel-in-hoehe-von-115244-euro","status":"publish","type":"post","link":"https:\/\/www.fuldaernachrichten.de\/?p=9876","title":{"rendered":"Stipendien f\u00fcr mobile Absolventen &#8211; Netzwerk f\u00fcr EU-Praktika vergibt Mittel in H\u00f6he von 115.244 Euro"},"content":{"rendered":"<p><strong>Fulda.<\/strong> Seit 1. Juni k\u00f6nnen hessische Hochschulabsolventen im Rahmen des europ\u00e4ischen Leonardo-Programms Stipendien f\u00fcr\u00c2\u00a0 Auslandspraktika beantragen. Das Netzwerk f\u00fcr EU-Praktika, dem die Mehrheit der hessischen Hochschulen unter Koordination der Hochschule Fulda angeh\u00f6rt, erhielt den Zuschlag f\u00fcr die Vergabe von Stipendienmitteln in H\u00f6he von 115.244 Euro. Bewerben k\u00f6nnen sich ab sofort Absolventen der beteiligten hessischen Hochschulen. <!--more--><\/p>\n<p>&#8220;Das Netzwerk sieht die F\u00f6rderung des internationalen Berufseinstiegs als Teil der Alumni-Arbeit f\u00fcr seine Absolventen\u201c, betont die Leiterin des Netzwerks Christina Langsdorf, Referat f\u00fcr Wissenstransfer \/ Weiterbildung der Hochschule Fulda. \u201eGerade f\u00fcr Bachelor-Absolventen, die im Rahmen ihres Studiums keine Gelegenheit hatten, internationale berufspraktische Erfahrungen zu sammeln, ist das Angebot attraktiv.&#8221;<\/p>\n<p>Dabei bietet das Stipendienprogramm nicht nur finanzielle und organisatorische Unterst\u00fctzung f\u00fcr Auslandpraktika. &#8220;Wir legen gro\u00dfen Wert auf die interkulturelle Vorbereitung und\u00c2\u00a0 Betreuung der Stipendiaten im Rahmen eines begleitenden Internet-basierten Kurses, der zus\u00e4tzliche Schl\u00fcsselqualifikationen vermittelt&#8221;, so Thomas Berger, Leiter der Kontaktstelle des Netzwerks, die gemeinsam von der Hochschule Fulda und dem Institut inter.research e.V. betrieben wird.<\/p>\n<p>Alle weiteren Informationen sind auf der Website www.eu-placements.de bzw. bei Katja Mruk und Carola Ossenkopp (info@eu-placements.de) erh\u00e4ltlich oder in der Sprechstunde von Katja Mruk immer dienstags von 15-16 Uhr im Hochschulzentrum Fulda Transfer am Heinrich-von-Bibra Platz 3.<\/p>\n","protected":false},"excerpt":{"rendered":"<div class=\"tmnf_excerpt\"><p>Fulda. Seit 1. Juni k\u00f6nnen hessische Hochschulabsolventen im Rahmen des europ\u00e4ischen Leonardo-Programms Stipendien f\u00fcr\u00c2\u00a0 Auslandspraktika beantragen. Das Netzwerk f\u00fcr EU-Praktika, dem die Mehrheit der hessischen Hochschulen unter Koordination der Hochschule Fulda angeh\u00f6rt, erhielt den Zuschlag f\u00fcr die Vergabe von Stipendienmitteln in H\u00f6he von 115.244 Euro. Bewerben k\u00f6nnen sich ab sofort Absolventen der beteiligten hessischen Hochschulen.<\/p>\n<\/div>","protected":false},"author":1,"featured_media":0,"comment_status":"closed","ping_status":"closed","sticky":false,"template":"","format":"standard","meta":{"footnotes":""},"categories":[1,53,48],"tags":[],"class_list":["post-9876","post","type-post","status-publish","format-standard","hentry","category-startseite","category-bildung","category-forschung"],"_links":{"self":[{"href":"https:\/\/www.fuldaernachrichten.de\/index.php?rest_route=\/wp\/v2\/posts\/9876","targetHints":{"allow":["GET"]}}],"collection":[{"href":"https:\/\/www.fuldaernachrichten.de\/index.php?rest_route=\/wp\/v2\/posts"}],"about":[{"href":"https:\/\/www.fuldaernachrichten.de\/index.php?rest_route=\/wp\/v2\/types\/post"}],"author":[{"embeddable":true,"href":"https:\/\/www.fuldaernachrichten.de\/index.php?rest_route=\/wp\/v2\/users\/1"}],"replies":[{"embeddable":true,"href":"https:\/\/www.fuldaernachrichten.de\/index.php?rest_route=%2Fwp%2Fv2%2Fcomments&post=9876"}],"version-history":[{"count":0,"href":"https:\/\/www.fuldaernachrichten.de\/index.php?rest_route=\/wp\/v2\/posts\/9876\/revisions"}],"wp:attachment":[{"href":"https:\/\/www.fuldaernachrichten.de\/index.php?rest_route=%2Fwp%2Fv2%2Fmedia&parent=9876"}],"wp:term":[{"taxonomy":"category","embeddable":true,"href":"https:\/\/www.fuldaernachrichten.de\/index.php?rest_route=%2Fwp%2Fv2%2Fcategories&post=9876"},{"taxonomy":"post_tag","embeddable":true,"href":"https:\/\/www.fuldaernachrichten.de\/index.php?rest_route=%2Fwp%2Fv2%2Ftags&post=9876"}],"curies":[{"name":"wp","href":"https:\/\/api.w.org\/{rel}","templated":true}]}}