{"id":9873,"date":"2008-06-15T07:48:43","date_gmt":"2008-06-15T05:48:43","guid":{"rendered":"http:\/\/www.schoene-nachrichten.de\/?p=9873"},"modified":"2008-06-15T07:48:43","modified_gmt":"2008-06-15T05:48:43","slug":"mit-los-von-huenfeld-nach-berlin","status":"publish","type":"post","link":"https:\/\/www.fuldaernachrichten.de\/?p=9873","title":{"rendered":"Mit LOS von H\u00fcnfeld nach Berlin"},"content":{"rendered":"<p><strong>Berlin\/H\u00fcnfeld. <\/strong>In Berlin treffen sich in der kommenden Woche \u00fcber 800 Vertreterinnen und Vertreter von LOS aus 200 St\u00e4dten und Landkreisen. Nach f\u00fcnfj\u00e4hriger Laufzeit des Programms \u201eLokales Kapital f\u00fcr soziale Zwecke\u201c (LOS) soll Bilanz gezogen werden. Neben der Fachkonferenz pr\u00e4sentieren sich auf einer Projektmesse rund 30 Kommunen und stellen ihre lokale Programmumsetzung sowie beispielhafte Mikroprojekte vor. Dar\u00fcber hinaus gibt es kulturelle Beitr\u00e4ge, von Aktionstheater bis hin zu Tanzdarbietungen. Und auf dem LOS-Filmfestival werden aus zw\u00f6lf nominierten Filmen die jeweils besten in unterschiedlichen Kategorien gek\u00fcrt.<!--more--><\/p>\n<p>Insgesamt 111 Millionen Euro hat das Bundesjugendministerium in den letzten f\u00fcnf Jahren f\u00fcr bundesweit 288 Gebiete der \u201eSozialen Stadt\u201c zur Verf\u00fcgung gestellt. Mit F\u00f6rdermitteln aus dem Europ\u00e4ischen Sozialfonds (ESF) wurden besch\u00e4ftigungswirksame Kleinprojekte und lokale Initiative gef\u00f6rdert. F\u00fcr die Umsetzung vor Ort waren kommunale \u00c4mter, freie Tr\u00e4ger und Bewohnerinnen bzw. Bewohner der F\u00f6rdergebiete selbst verantwortlich. In jedem Gebiet vergab ein Begleitausschuss unter Einbeziehung der B\u00fcrgerinnen und B\u00fcrger die Mittel; gef\u00f6rdert wurden vorrangig kleine Vereine, Selbsthilfegruppen und Einzelpersonen.<\/p>\n<p>Bis zu 100.000 Euro flossen j\u00e4hrlich in die jeweiligen Gebiete; mit Kleinprojekten, sogenannten Mikroprojekten, in H\u00f6he von maximal 10.000 Euro wurden Arbeitslose, benachteiligte Jugendliche, Alleinerziehende sowie Berufsr\u00fcckkehrerinnen bei ihrer beruflichen und sozialen Integration unterst\u00fctzt. Bundesweit wurden in \u00fcber 14.0000 ma\u00dfgeschneiderten Mikroprojekten \u00fcber 400.000 Menschen qualifiziert, beraten oder anderweitig gef\u00f6rdert, um sich auf dem Arbeitsmarkt behaupten zu k\u00f6nnen. Mehr als die H\u00e4lfte davon waren Jugendliche.<\/p>\n<p>Auch H\u00fcnfeld hat an dem Programm teilgenommen und konnte in insgesamt vier F\u00f6rderperioden LOS erfolgreich umsetzen. Durch die Aufstellung eines Lokalen Aktionsplans wurden die lokalen Netzwerke aktiviert, r\u00fcckten \u00c4mter, Tr\u00e4ger, andere Institutionen und auch die Bev\u00f6lkerung in gemeinsamer Arbeit enger zusammen. Positive Auswirkungen ergaben sich dabei zum Beispiel f\u00fcr einen besseren \u00dcbergang von der Schule in den Beruf, die Integration von Menschen mit Migrationshintergrund und eine insgesamt st\u00e4rkere Vernetzung im Tier-gartenviertel.<\/p>\n<p>Die Fachkonferenz findet in dem Kirchengeb\u00e4ude der Emmaus-Gemeinde statt, die Projektmesse und die kulturellen Aktionen auf dem Lausitzer Platz. Neben 400 lokalen Koordinatorinnen und Koordinatoren nehmen 300 Personen teil, die entweder selber Mikroprojekte umgesetzt oder daran teilgenommen haben. Beispielhaft f\u00fcr alle beteiligten Personen werden in einer Powerpoint-Pr\u00e4sentation Menschen vorgestellt, die sich durch LOS weiterentwickeln konnten. Einige von ihnen werden auch vor Ort sein.<\/p>\n<p>Die Filme, in denen LOS vorgestellt wird, k\u00f6nnen auf http:\/\/www.los-online.de\/content\/e7778\/index_ger.html angeschaut werden. Weitere Informationen finden sich auf www.los-online.de bzw. http:\/\/www.los-online.de\/content\/e326\/e1728\/e1768\/los_handbuch_programm_ger.pdf .<\/p>\n","protected":false},"excerpt":{"rendered":"<div class=\"tmnf_excerpt\"><p>Berlin\/H\u00fcnfeld. In Berlin treffen sich in der kommenden Woche \u00fcber 800 Vertreterinnen und Vertreter von LOS aus 200 St\u00e4dten und Landkreisen. Nach f\u00fcnfj\u00e4hriger Laufzeit des Programms \u201eLokales Kapital f\u00fcr soziale Zwecke\u201c (LOS) soll Bilanz gezogen werden. Neben der Fachkonferenz pr\u00e4sentieren sich auf einer Projektmesse rund 30 Kommunen und stellen ihre lokale Programmumsetzung sowie beispielhafte Mikroprojekte &hellip;<\/p>\n<\/div>","protected":false},"author":1,"featured_media":0,"comment_status":"closed","ping_status":"closed","sticky":false,"template":"","format":"standard","meta":{"footnotes":""},"categories":[1,72,29],"tags":[],"class_list":["post-9873","post","type-post","status-publish","format-standard","hentry","category-startseite","category-jugend","category-politik"],"_links":{"self":[{"href":"https:\/\/www.fuldaernachrichten.de\/index.php?rest_route=\/wp\/v2\/posts\/9873","targetHints":{"allow":["GET"]}}],"collection":[{"href":"https:\/\/www.fuldaernachrichten.de\/index.php?rest_route=\/wp\/v2\/posts"}],"about":[{"href":"https:\/\/www.fuldaernachrichten.de\/index.php?rest_route=\/wp\/v2\/types\/post"}],"author":[{"embeddable":true,"href":"https:\/\/www.fuldaernachrichten.de\/index.php?rest_route=\/wp\/v2\/users\/1"}],"replies":[{"embeddable":true,"href":"https:\/\/www.fuldaernachrichten.de\/index.php?rest_route=%2Fwp%2Fv2%2Fcomments&post=9873"}],"version-history":[{"count":0,"href":"https:\/\/www.fuldaernachrichten.de\/index.php?rest_route=\/wp\/v2\/posts\/9873\/revisions"}],"wp:attachment":[{"href":"https:\/\/www.fuldaernachrichten.de\/index.php?rest_route=%2Fwp%2Fv2%2Fmedia&parent=9873"}],"wp:term":[{"taxonomy":"category","embeddable":true,"href":"https:\/\/www.fuldaernachrichten.de\/index.php?rest_route=%2Fwp%2Fv2%2Fcategories&post=9873"},{"taxonomy":"post_tag","embeddable":true,"href":"https:\/\/www.fuldaernachrichten.de\/index.php?rest_route=%2Fwp%2Fv2%2Ftags&post=9873"}],"curies":[{"name":"wp","href":"https:\/\/api.w.org\/{rel}","templated":true}]}}