{"id":9872,"date":"2008-06-15T07:49:32","date_gmt":"2008-06-15T05:49:32","guid":{"rendered":"http:\/\/www.schoene-nachrichten.de\/?p=9872"},"modified":"2008-06-15T07:49:32","modified_gmt":"2008-06-15T05:49:32","slug":"kreisausschuss-tagte-in-historischen-gemaeuern","status":"publish","type":"post","link":"https:\/\/www.fuldaernachrichten.de\/?p=9872","title":{"rendered":"Kreisausschuss tagte in historischen Gem\u00e4uern"},"content":{"rendered":"<p><a rel=\"lightbox[roadtrip]\" href=\"http:\/\/www.schoene-nachrichten.de\/wp-content\/uploads\/2008\/06\/236-kreisausschuss-tagt-in-fursteneck1.jpg\" target=\"_blank\"><img decoding=\"async\" class=\"alignleft size-thumbnail wp-image-9885\" title=\"236-kreisausschuss-tagt-in-fursteneck1\" src=\"http:\/\/www.schoene-nachrichten.de\/wp-content\/uploads\/2008\/06\/236-kreisausschuss-tagt-in-fursteneck1-128x85.jpg\" alt=\"\" hspace=\"5\" width=\"128\" height=\"85\" align=\"left\" srcset=\"https:\/\/www.fuldaernachrichten.de\/wp-content\/uploads\/2008\/06\/236-kreisausschuss-tagt-in-fursteneck1-128x84.jpg 128w, https:\/\/www.fuldaernachrichten.de\/wp-content\/uploads\/2008\/06\/236-kreisausschuss-tagt-in-fursteneck1.jpg 592w\" sizes=\"(max-width: 128px) 100vw, 128px\" \/><\/a><strong>F\u00fcrsteneck.<\/strong> An einem eher ungew\u00f6hnlichen Ort fand die letzte Kreisausschusssitzung statt. Unter Leitung von Landrat Bernd Woide tagten die Ausschussmitglieder in der Hessischen Heimvolkshochschule F\u00fcrsteneck und berieten \u00fcber eine umfangreiche Tagungsordnung. Anschlie\u00dfend wurde die Einrichtung, die heute die Bezeichnung Akademie f\u00fcr berufliche und musisch-kulturelle Bildung f\u00fchrt und in den historischen Geb\u00e4uden von Burg F\u00fcrsteneck untergebracht ist, besichtigt. Mehrere  Millionen Euro mussten f\u00fcr die Sanierung von F\u00fcrsteneck aufgewendet werden, um das Baudenkdenkmal zu erhalten und den Anspr\u00fcchen einer modernen Bildungseinrichtung zu gen\u00fcgen.<!--more--><\/p>\n<p>Wie der gesch\u00e4ftsf\u00fchrende Direktor G\u00fcnter Schmuck betonte, solle die Einladung an den Kreisausschuss zum einen der Information \u00fcber die vielf\u00e4ltigen Aktivit\u00e4ten und Nutzungsm\u00f6glichkeiten der Bildungseinrichtung dienen, zum anderen aber auch ein Dankesch\u00f6n f\u00fcr die gro\u00dfz\u00fcgige finanzielle Unterst\u00fctzung des Landkreises Fulda sein, die in den vergangenen Jahr in die Sanierung geflossen sei. Insgesamt h\u00e4tten sich die Zuwendungen auf 190.000 Euro belaufen und den nur \u00fcber beschr\u00e4nkte Eigenmittel verf\u00fcgenden Tr\u00e4gerverein wesentlich entlastet. Landrat Woide unterstrich die Wertsch\u00e4tzung und Bedeutung, die F\u00fcr-steneck in der Bildungsregion Landkreis Fulda genie\u00dfe.<\/p>\n<p><strong>360.000 Euro f\u00fcr Deckenbau im Raum Tann <\/strong><\/p>\n<p>Die Kreisstra\u00dfen 33 und 34 von Dippach nach Hundsbach sowie von Tann nach Kleinfischbach sollen eine neue Fahrbahndecke erhalten. F\u00fcr 349.200 Euro wurden die Deckenbauarbeiten vergeben. Weitere Auftragsvergaben betrafen Umbau- und Sanierungsma\u00dfnahmen an Kreisschulen. So sind an der Wigbertschule in H\u00fcnfeld Heizungsarbeiten- und Sanit\u00e4rarbeiten erforderlich. Hier belief sich das kosteng\u00fcnstigste Angebot auf 42.800 Euro. Bei der Schlossschule in Neuhof muss der B\u00fcchereiturm f\u00fcr 40.900 Euro neu eindeckt und verschin-delt werden. Bei der Turnhalle der Grundschule in Burghaun werden die Dusch- und Waschr\u00e4ume f\u00fcr 28.000 Euro von Grund auf saniert werden.<\/p>\n<p>Auf Anregung des Naturparks Hessische Rh\u00f6n haben die Kommunen im Landkreis Fulda ihren bisherigen gemeindlichen Rundwanderwege mit den Rundwegen des Naturparks zu den neuen \u201eRh\u00f6nrundwegen\u201c zusammengef\u00fchrt. Zur Zeit laufen die Markierungsarbeiten. An den Ausgangspunkten sind Rundwanderwegetafeln vorgesehen, die f\u00fcr knapp 30.000 Euro in Auftrag gegeben wurden. An der Dach- und Fassadenerneuerung der durch einen Sturm besch\u00e4digten ehemaligen Papierm\u00fchle in Rothemann beteiligt sich der Landkreis mit einer Beihilfe von 3.000 Euro aus Denkmalpflegemitteln. Die Gemeinde Hosenfeld erh\u00e4lt 2.000 Euro f\u00fcr die Sanierung des Kindergartens in Blankenau.<\/p>\n","protected":false},"excerpt":{"rendered":"<div class=\"tmnf_excerpt\"><p>F\u00fcrsteneck. An einem eher ungew\u00f6hnlichen Ort fand die letzte Kreisausschusssitzung statt. Unter Leitung von Landrat Bernd Woide tagten die Ausschussmitglieder in der Hessischen Heimvolkshochschule F\u00fcrsteneck und berieten \u00fcber eine umfangreiche Tagungsordnung. Anschlie\u00dfend wurde die Einrichtung, die heute die Bezeichnung Akademie f\u00fcr berufliche und musisch-kulturelle Bildung f\u00fchrt und in den historischen Geb\u00e4uden von Burg F\u00fcrsteneck untergebracht &hellip;<\/p>\n<\/div>","protected":false},"author":1,"featured_media":0,"comment_status":"closed","ping_status":"closed","sticky":false,"template":"","format":"standard","meta":{"footnotes":""},"categories":[1,53,29],"tags":[],"class_list":["post-9872","post","type-post","status-publish","format-standard","hentry","category-startseite","category-bildung","category-politik"],"_links":{"self":[{"href":"https:\/\/www.fuldaernachrichten.de\/index.php?rest_route=\/wp\/v2\/posts\/9872","targetHints":{"allow":["GET"]}}],"collection":[{"href":"https:\/\/www.fuldaernachrichten.de\/index.php?rest_route=\/wp\/v2\/posts"}],"about":[{"href":"https:\/\/www.fuldaernachrichten.de\/index.php?rest_route=\/wp\/v2\/types\/post"}],"author":[{"embeddable":true,"href":"https:\/\/www.fuldaernachrichten.de\/index.php?rest_route=\/wp\/v2\/users\/1"}],"replies":[{"embeddable":true,"href":"https:\/\/www.fuldaernachrichten.de\/index.php?rest_route=%2Fwp%2Fv2%2Fcomments&post=9872"}],"version-history":[{"count":0,"href":"https:\/\/www.fuldaernachrichten.de\/index.php?rest_route=\/wp\/v2\/posts\/9872\/revisions"}],"wp:attachment":[{"href":"https:\/\/www.fuldaernachrichten.de\/index.php?rest_route=%2Fwp%2Fv2%2Fmedia&parent=9872"}],"wp:term":[{"taxonomy":"category","embeddable":true,"href":"https:\/\/www.fuldaernachrichten.de\/index.php?rest_route=%2Fwp%2Fv2%2Fcategories&post=9872"},{"taxonomy":"post_tag","embeddable":true,"href":"https:\/\/www.fuldaernachrichten.de\/index.php?rest_route=%2Fwp%2Fv2%2Ftags&post=9872"}],"curies":[{"name":"wp","href":"https:\/\/api.w.org\/{rel}","templated":true}]}}