{"id":9871,"date":"2008-06-14T00:09:20","date_gmt":"2008-06-13T22:09:20","guid":{"rendered":"http:\/\/www.schoene-nachrichten.de\/?p=9871"},"modified":"2008-06-13T19:10:59","modified_gmt":"2008-06-13T17:10:59","slug":"arbeitskreis-gesundheit-und-pflege-trifft-sich-am-donnerstag","status":"publish","type":"post","link":"https:\/\/www.fuldaernachrichten.de\/?p=9871","title":{"rendered":"Arbeitskreis &#8220;Gesundheit und Pflege&#8221; trifft sich am Donnerstag"},"content":{"rendered":"<p><strong>Vogelsbergkreis.<\/strong> Das B\u00fcndnis f\u00fcr Familie arbeitet flei\u00dfig weiter: Am kommenden Donnerstag, 19. Juni, treffen sich die Interessenten aus dem Arbeitsfeld &#8220;Gesundheit und Pflege&#8221; zum zweiten Mal, und zwar um 18 Uhr in den des AWO-Sozialzentrums in Lauterbach, Bilsteinweg 1. Sprecherin Heike Bohl aus Schlitz hofft auf regen Zuspruch &#8211; die Arbeitsgruppe ist offen auch f\u00fcr alle neuen Interessierten.<!--more--><\/p>\n<p><strong>Sieben Handlungsfelder &#8211; sieben Arbeitsgruppen<\/strong><\/p>\n<p>Das sind die sieben Handlungsfelder, in denen insgesamt \u00fcber 100 Personen arbeiten: Erziehungsverantwortung st\u00e4rken, generations\u00fcbergreifende Zusammenarbeit, Kinderbetreuung, Vereinbarkeit von Familie und Beruf, b\u00fcrgerschaftliches Engagement,\u00c2\u00a0 familienfreundliches Lebensumfeld, Gesundheit und Pflege.<\/p>\n<p><strong>Die Rolle des Kreises: Koordination und Service mit direkter Ansprechpartnerin<\/strong><\/p>\n<p>Familiendezernentin Sylke Emmermann verdeutlicht die Rolle der Kreisverwaltung: &#8220;Wir wollen helfen, sammeln, koordinieren und unterst\u00fctzen.&#8221; Im Parlamentsb\u00fcro ist Sandra Obenhack von ihr als Kontaktperson f\u00fcr alle Initiativen und die Vernetzung von Aktionen beauftragt worden. Emmermann bittet, sich direkt an diese Diplom-Verwaltungswirtin zu wenden. Auch die Pressestelle verstehe sich als &#8220;Servicestelle&#8221;, die f\u00fcr die einzelnen Arbeitsgruppen gerne t\u00e4tig werde, wenn dies gew\u00fcnscht sei. Auf der Homepage www.vogelsbergkreis.de stehen die Protokolle der Arbeitsgruppen.<\/p>\n<p>Kontakt: Telefon 06641\/977-3404, sandra.obenhack@vogelsbergkreis.de.<br \/>\nUnter www.lokale-buendnisse-fuer-familie.de sind umfassende Informationen \u00fcber die Bundesinitiative zu finden.<\/p>\n<p><strong>Die Ziele des B\u00fcndnisses f\u00fcr Familie<\/strong><\/p>\n<p>Die Ziele des B\u00fcndnisses sind: B\u00fcrgerschaftliches Engagement f\u00f6rdern und st\u00fctzen, Beruf und Familie besser vereinbaren, die Ressourcen von jungen und alten Menschen wechselseitig besser nutzen, neue Wohnformen entwickeln, die Chancen von jungen Menschen sichern und ausbauen, Hilfen f\u00fcr Familien verl\u00e4sslich anbieten, Betreuungs-, Gesundheits-, Pflege- und Kulturangebote stabilisieren und ausbauen, Erziehungsverantwortung mobilisieren.<\/p>\n","protected":false},"excerpt":{"rendered":"<div class=\"tmnf_excerpt\"><p>Vogelsbergkreis. Das B\u00fcndnis f\u00fcr Familie arbeitet flei\u00dfig weiter: Am kommenden Donnerstag, 19. Juni, treffen sich die Interessenten aus dem Arbeitsfeld &#8220;Gesundheit und Pflege&#8221; zum zweiten Mal, und zwar um 18 Uhr in den des AWO-Sozialzentrums in Lauterbach, Bilsteinweg 1. Sprecherin Heike Bohl aus Schlitz hofft auf regen Zuspruch &#8211; die Arbeitsgruppe ist offen auch f\u00fcr &hellip;<\/p>\n<\/div>","protected":false},"author":1,"featured_media":0,"comment_status":"closed","ping_status":"closed","sticky":false,"template":"","format":"standard","meta":{"footnotes":""},"categories":[1,29],"tags":[],"class_list":["post-9871","post","type-post","status-publish","format-standard","hentry","category-startseite","category-politik"],"_links":{"self":[{"href":"https:\/\/www.fuldaernachrichten.de\/index.php?rest_route=\/wp\/v2\/posts\/9871","targetHints":{"allow":["GET"]}}],"collection":[{"href":"https:\/\/www.fuldaernachrichten.de\/index.php?rest_route=\/wp\/v2\/posts"}],"about":[{"href":"https:\/\/www.fuldaernachrichten.de\/index.php?rest_route=\/wp\/v2\/types\/post"}],"author":[{"embeddable":true,"href":"https:\/\/www.fuldaernachrichten.de\/index.php?rest_route=\/wp\/v2\/users\/1"}],"replies":[{"embeddable":true,"href":"https:\/\/www.fuldaernachrichten.de\/index.php?rest_route=%2Fwp%2Fv2%2Fcomments&post=9871"}],"version-history":[{"count":0,"href":"https:\/\/www.fuldaernachrichten.de\/index.php?rest_route=\/wp\/v2\/posts\/9871\/revisions"}],"wp:attachment":[{"href":"https:\/\/www.fuldaernachrichten.de\/index.php?rest_route=%2Fwp%2Fv2%2Fmedia&parent=9871"}],"wp:term":[{"taxonomy":"category","embeddable":true,"href":"https:\/\/www.fuldaernachrichten.de\/index.php?rest_route=%2Fwp%2Fv2%2Fcategories&post=9871"},{"taxonomy":"post_tag","embeddable":true,"href":"https:\/\/www.fuldaernachrichten.de\/index.php?rest_route=%2Fwp%2Fv2%2Ftags&post=9871"}],"curies":[{"name":"wp","href":"https:\/\/api.w.org\/{rel}","templated":true}]}}