{"id":9862,"date":"2008-06-13T02:55:02","date_gmt":"2008-06-13T00:55:02","guid":{"rendered":"http:\/\/www.schoene-nachrichten.de\/?p=9862"},"modified":"2008-12-15T13:16:49","modified_gmt":"2008-12-15T12:16:49","slug":"anschluss-fulda-mitte-ist-fertig","status":"publish","type":"post","link":"https:\/\/www.fuldaernachrichten.de\/?p=9862","title":{"rendered":"Anschluss Fulda Mitte ist fertig"},"content":{"rendered":"<p><strong>Fulda.<\/strong> Nach nur elf Monaten Bauzeit konnte die neue zentrale Anschlussstelle von Fulda an die A 7, im Kreuzungspunkt mit der Bundesstra\u00dfe 458 \u201eDipperzer Stra\u00dfe\u201c, f\u00fcr den Verkehr freigegeben werden. Hessens Verkehrsminister Alois Rhiel, Alfred Hartenbach, Parlamentarischer Staatssekret\u00e4r im Bundesjustizministerium, Bernd Woide, Landrat des Landkreises Fulda sowie die B\u00fcrgermeister Karl-Josef Schwiddessen, Petersberg und Peter Meinecke, K\u00fcnzell \u00fcbergaben die Anschlussstelle am Donnerstag ihrer Bestimmung.<\/p>\n<p><strong>Fotos und Video:<\/strong> Max Colin Heydenreich \/ IPTV Plus<\/p>\n<p><a title=\"Foto: Max Colin Heydenreich\" rel=\"lightbox[roadtrip]\" href=\"http:\/\/www.schoene-nachrichten.de\/wp-content\/uploads\/2008\/06\/080612_Autobahn_001.jpg\" target=\"_blank\"><img decoding=\"async\" src=\"http:\/\/www.schoene-nachrichten.de\/wp-content\/uploads\/2008\/06\/080612_Autobahn_001.thumbnail.jpg\" alt=\"080612_Autobahn_001.jpg\" width=\"128\" \/><\/a> <a title=\"Foto: Max Colin Heydenreich\" rel=\"lightbox[roadtrip]\" href=\"http:\/\/www.schoene-nachrichten.de\/wp-content\/uploads\/2008\/06\/080612_Autobahn_009.jpg\" target=\"_blank\"><img decoding=\"async\" src=\"http:\/\/www.schoene-nachrichten.de\/wp-content\/uploads\/2008\/06\/080612_Autobahn_009.thumbnail.jpg\" alt=\"080612_Autobahn_009.jpg\" width=\"128\" \/><\/a> <a title=\"Foto: Max Colin Heydenreich\" rel=\"lightbox[roadtrip]\" href=\"http:\/\/www.schoene-nachrichten.de\/wp-content\/uploads\/2008\/06\/080612_Autobahn_002.jpg\" target=\"_blank\"><img decoding=\"async\" src=\"http:\/\/www.schoene-nachrichten.de\/wp-content\/uploads\/2008\/06\/080612_Autobahn_002.thumbnail.jpg\" alt=\"080612_Autobahn_002.jpg\" width=\"128\" \/><\/a><\/p>\n<p><a title=\"Foto: Max Colin Heydenreich\" rel=\"lightbox[roadtrip]\" href=\"http:\/\/www.schoene-nachrichten.de\/wp-content\/uploads\/2008\/06\/080612_Autobahn_004.jpg\" target=\"_blank\"><img decoding=\"async\" src=\"http:\/\/www.schoene-nachrichten.de\/wp-content\/uploads\/2008\/06\/080612_Autobahn_004.thumbnail.jpg\" alt=\"080612_Autobahn_004.jpg\" width=\"128\" \/><\/a> <a title=\"Foto: Max Colin Heydenreich\" rel=\"lightbox[roadtrip]\" href=\"http:\/\/www.schoene-nachrichten.de\/wp-content\/uploads\/2008\/06\/080612_Autobahn_005.jpg\" target=\"_blank\"><img decoding=\"async\" src=\"http:\/\/www.schoene-nachrichten.de\/wp-content\/uploads\/2008\/06\/080612_Autobahn_005.thumbnail.jpg\" alt=\"080612_Autobahn_005.jpg\" width=\"128\" \/><\/a> <a title=\"Foto: Max Colin Heydenreich\" rel=\"lightbox[roadtrip]\" href=\"http:\/\/www.schoene-nachrichten.de\/wp-content\/uploads\/2008\/06\/080612_Autobahn_003.jpg\" target=\"_blank\"><img decoding=\"async\" src=\"http:\/\/www.schoene-nachrichten.de\/wp-content\/uploads\/2008\/06\/080612_Autobahn_003.thumbnail.jpg\" alt=\"080612_Autobahn_003.jpg\" width=\"128\" \/><\/a><\/p>\n<p><!--more-->Baulasttr\u00e4ger f\u00fcr die neue Anbindung ist der Bund, der rund 4,2 Millionen Euro der Baukosten zu tragen hat. Der Anschluss und der Neubau der Gemeindestra\u00dfe \u201eDanziger Stra\u00dfe\u201c gehen mit rund 1,4 Millionen Euro zu Lasten der Gemeinde K\u00fcnzell. Er wird allerdings nach dem Gemeindeverkehrsfinanzierungsgesetz mit rund 500.000 Euro gef\u00f6rdert. Das Projekt hat eine Baul\u00e4nge von rund 2,5 Kilometern. Es wurden cirka 100 000 Kubikmeter Erde bewegt.<\/p>\n<p>\u201eNach den Prognosen der Verkehrsplaner wird die neue Anschlussstelle durch rund 10.000 Fahrzeuge t\u00e4glich genutzt werden und damit zu einer Verkehrsdrehscheibe des Wirtschaftsstandortes Fulda\u201c, so der Minister.<\/p>\n<p>Die neue Anschlussstelle verkn\u00fcpft die Autobahn A 7 mit der Bundesstra\u00dfe 458 und bringt damit Fernverkehre aus Fulda, Petersberg, K\u00fcnzell und der Rh\u00f6n direkt auf die Autobahn. Die Verkn\u00fcpfung erfolgt \u00fcber zwei \u201eAnschlussohren\u201c mit zwei Ampeln an der Bundesstra\u00dfe. In Gegenlage zu dem der Stadt zugewandten \u201eAnschlussohr\u201c bindet die neue Gemeindestra\u00dfe \u201eDanziger Stra\u00dfe\u201c in Richtung Gewerbegebiet \u201eJustus Liebig Stra\u00dfe\u201c an und f\u00fchrt hier ebenfalls den Verkehr unmittelbar zur Autobahn.<\/p>\n<p><a title=\"Foto: Max Colin Heydenreich\" rel=\"lightbox[roadtrip]\" href=\"http:\/\/www.schoene-nachrichten.de\/wp-content\/uploads\/2008\/06\/080612_Autobahn_007.jpg\" target=\"_blank\"><img decoding=\"async\" src=\"http:\/\/www.schoene-nachrichten.de\/wp-content\/uploads\/2008\/06\/080612_Autobahn_007.thumbnail.jpg\" alt=\"080612_Autobahn_007.jpg\" width=\"128\" \/><\/a> <a title=\"Foto: Max Colin Heydenreich\" rel=\"lightbox[roadtrip]\" href=\"http:\/\/www.schoene-nachrichten.de\/wp-content\/uploads\/2008\/06\/080612_Autobahn_006.jpg\" target=\"_blank\"><img decoding=\"async\" src=\"http:\/\/www.schoene-nachrichten.de\/wp-content\/uploads\/2008\/06\/080612_Autobahn_006.thumbnail.jpg\" alt=\"080612_Autobahn_006.jpg\" width=\"128\" \/><\/a> <a title=\"Foto: Max Colin Heydenreich\" rel=\"lightbox[roadtrip]\" href=\"http:\/\/www.schoene-nachrichten.de\/wp-content\/uploads\/2008\/06\/080612_Autobahn_013.jpg\" target=\"_blank\"><img decoding=\"async\" src=\"http:\/\/www.schoene-nachrichten.de\/wp-content\/uploads\/2008\/06\/080612_Autobahn_013.thumbnail.jpg\" alt=\"080612_Autobahn_013.jpg\" width=\"128\" \/><\/a><\/p>\n<p><a title=\"Foto: Max Colin Heydenreich\" rel=\"lightbox[roadtrip]\" href=\"http:\/\/www.schoene-nachrichten.de\/wp-content\/uploads\/2008\/06\/080612_Autobahn_008.jpg\" target=\"_blank\"><img decoding=\"async\" src=\"http:\/\/www.schoene-nachrichten.de\/wp-content\/uploads\/2008\/06\/080612_Autobahn_008.thumbnail.jpg\" alt=\"080612_Autobahn_008.jpg\" width=\"128\" \/><\/a> <a title=\"Foto: Max Colin Heydenreich\" rel=\"lightbox[roadtrip]\" href=\"http:\/\/www.schoene-nachrichten.de\/wp-content\/uploads\/2008\/06\/080612_Autobahn_011.jpg\" target=\"_blank\"><img decoding=\"async\" src=\"http:\/\/www.schoene-nachrichten.de\/wp-content\/uploads\/2008\/06\/080612_Autobahn_011.thumbnail.jpg\" alt=\"080612_Autobahn_011.jpg\" width=\"128\" \/><\/a> <a title=\"Foto: Max Colin Heydenreich\" rel=\"lightbox[roadtrip]\" href=\"http:\/\/www.schoene-nachrichten.de\/wp-content\/uploads\/2008\/06\/080612_Autobahn_012.jpg\" target=\"_blank\"><img decoding=\"async\" src=\"http:\/\/www.schoene-nachrichten.de\/wp-content\/uploads\/2008\/06\/080612_Autobahn_012.thumbnail.jpg\" alt=\"080612_Autobahn_012.jpg\" width=\"128\" \/><\/a><\/p>\n<p>Rhiel: \u201eInsgesamt werden durch diese direkten Anbindungen zweier hoch belasteter Stra\u00dfenz\u00fcge Umwege vermieden und insbesondere die B 27 in Fulda entlastet. Gerade die Erreichbarkeit der Autobahn aus der \u00f6stlichen Region des Landkreises Fulda \u00fcber die B 458 wird erheblich verbessert. Die Attraktivit\u00e4t von bestehenden wie geplanten Gewerbegebieten im Umfeld der Anschlussstelle wird deutlich steigen\u201c.<\/p>\n<p>Die umfangreichen Bauarbeiten mit gro\u00dfen Erdbewegungen, grundhaftem Aufbau von neuen Fahrbahnen mit den zugeh\u00f6rigen Entw\u00e4sserungseinrichtungen sowie die aufwendige Gro\u00dfbeschilderung und letztlich der Installation von zwei Ampelanlagen liefen reibungslos. \u201eSo kann der neue Anschluss noch vor den fr\u00fchen hessischen Sommerferien in Betrieb genommen werden. Viele Urlauber der Region werden so die neue Stra\u00dfenverbindung erstmalig nutzen\u201c, sagte Rhiel abschlie\u00dfend.<\/p>\n","protected":false},"excerpt":{"rendered":"<div class=\"tmnf_excerpt\"><p>Fulda. Nach nur elf Monaten Bauzeit konnte die neue zentrale Anschlussstelle von Fulda an die A 7, im Kreuzungspunkt mit der Bundesstra\u00dfe 458 \u201eDipperzer Stra\u00dfe\u201c, f\u00fcr den Verkehr freigegeben werden. Hessens Verkehrsminister Alois Rhiel, Alfred Hartenbach, Parlamentarischer Staatssekret\u00e4r im Bundesjustizministerium, Bernd Woide, Landrat des Landkreises Fulda sowie die B\u00fcrgermeister Karl-Josef Schwiddessen, Petersberg und Peter Meinecke, &hellip;<\/p>\n<\/div>","protected":false},"author":1,"featured_media":0,"comment_status":"closed","ping_status":"closed","sticky":false,"template":"","format":"standard","meta":{"footnotes":""},"categories":[1,35,54,79,29],"tags":[],"class_list":["post-9862","post","type-post","status-publish","format-standard","hentry","category-startseite","category-auto","category-bildergalerien","category-kino","category-politik"],"_links":{"self":[{"href":"https:\/\/www.fuldaernachrichten.de\/index.php?rest_route=\/wp\/v2\/posts\/9862","targetHints":{"allow":["GET"]}}],"collection":[{"href":"https:\/\/www.fuldaernachrichten.de\/index.php?rest_route=\/wp\/v2\/posts"}],"about":[{"href":"https:\/\/www.fuldaernachrichten.de\/index.php?rest_route=\/wp\/v2\/types\/post"}],"author":[{"embeddable":true,"href":"https:\/\/www.fuldaernachrichten.de\/index.php?rest_route=\/wp\/v2\/users\/1"}],"replies":[{"embeddable":true,"href":"https:\/\/www.fuldaernachrichten.de\/index.php?rest_route=%2Fwp%2Fv2%2Fcomments&post=9862"}],"version-history":[{"count":4,"href":"https:\/\/www.fuldaernachrichten.de\/index.php?rest_route=\/wp\/v2\/posts\/9862\/revisions"}],"predecessor-version":[{"id":17524,"href":"https:\/\/www.fuldaernachrichten.de\/index.php?rest_route=\/wp\/v2\/posts\/9862\/revisions\/17524"}],"wp:attachment":[{"href":"https:\/\/www.fuldaernachrichten.de\/index.php?rest_route=%2Fwp%2Fv2%2Fmedia&parent=9862"}],"wp:term":[{"taxonomy":"category","embeddable":true,"href":"https:\/\/www.fuldaernachrichten.de\/index.php?rest_route=%2Fwp%2Fv2%2Fcategories&post=9862"},{"taxonomy":"post_tag","embeddable":true,"href":"https:\/\/www.fuldaernachrichten.de\/index.php?rest_route=%2Fwp%2Fv2%2Ftags&post=9862"}],"curies":[{"name":"wp","href":"https:\/\/api.w.org\/{rel}","templated":true}]}}