{"id":9860,"date":"2008-06-13T00:35:46","date_gmt":"2008-06-12T22:35:46","guid":{"rendered":"http:\/\/www.schoene-nachrichten.de\/?p=9860"},"modified":"2008-06-12T21:54:10","modified_gmt":"2008-06-12T19:54:10","slug":"wort-gottes-feier-in-der-stadtpfarrkirche-mariae-namen-8","status":"publish","type":"post","link":"https:\/\/www.fuldaernachrichten.de\/?p=9860","title":{"rendered":"Wort-Gottes-Feier in der Stadtpfarrkirche Mari\u00e4 Namen"},"content":{"rendered":"<p><strong>Fulda.<\/strong> Vor kurzem wurde die Ordensgr\u00fcnderin Maria Rosa Flesch aus Waldbreitbach selig gesprochen und ihr Gedenktag auf den 19. Juni festgesetzt. Aus diesem Anlass rankt sich die Wort-Gottes-Feier mit Eucharistischem Segen am Sonntagabend, dem 15.06., um 18.00 Uhr in der Hanauer Stadtpfarrkirche Mari\u00e4 Namen, Theodor-Weidner-Platz\/Im Bangert, die in Verbindung mit der Katholischen Klinikseelsorge gehalten wird, um die neue Selige.<!--more--><\/p>\n<p>Zu dem Gottesdienst, der mit rhythmischen Liedern gestaltet wird, sind alle Interessierten eingeladen, besonders aber Gl\u00e4ubige, die f\u00fcr erkrankte Mitmenschen beten wollen, wie die Angeh\u00f6rigen der Gebetskette f\u00fcr die Kranken.<\/p>\n","protected":false},"excerpt":{"rendered":"<div class=\"tmnf_excerpt\"><p>Fulda. Vor kurzem wurde die Ordensgr\u00fcnderin Maria Rosa Flesch aus Waldbreitbach selig gesprochen und ihr Gedenktag auf den 19. Juni festgesetzt. Aus diesem Anlass rankt sich die Wort-Gottes-Feier mit Eucharistischem Segen am Sonntagabend, dem 15.06., um 18.00 Uhr in der Hanauer Stadtpfarrkirche Mari\u00e4 Namen, Theodor-Weidner-Platz\/Im Bangert, die in Verbindung mit der Katholischen Klinikseelsorge gehalten wird, &hellip;<\/p>\n<\/div>","protected":false},"author":1,"featured_media":0,"comment_status":"closed","ping_status":"closed","sticky":false,"template":"","format":"standard","meta":{"footnotes":""},"categories":[1,50],"tags":[],"class_list":["post-9860","post","type-post","status-publish","format-standard","hentry","category-startseite","category-kirche"],"_links":{"self":[{"href":"https:\/\/www.fuldaernachrichten.de\/index.php?rest_route=\/wp\/v2\/posts\/9860","targetHints":{"allow":["GET"]}}],"collection":[{"href":"https:\/\/www.fuldaernachrichten.de\/index.php?rest_route=\/wp\/v2\/posts"}],"about":[{"href":"https:\/\/www.fuldaernachrichten.de\/index.php?rest_route=\/wp\/v2\/types\/post"}],"author":[{"embeddable":true,"href":"https:\/\/www.fuldaernachrichten.de\/index.php?rest_route=\/wp\/v2\/users\/1"}],"replies":[{"embeddable":true,"href":"https:\/\/www.fuldaernachrichten.de\/index.php?rest_route=%2Fwp%2Fv2%2Fcomments&post=9860"}],"version-history":[{"count":0,"href":"https:\/\/www.fuldaernachrichten.de\/index.php?rest_route=\/wp\/v2\/posts\/9860\/revisions"}],"wp:attachment":[{"href":"https:\/\/www.fuldaernachrichten.de\/index.php?rest_route=%2Fwp%2Fv2%2Fmedia&parent=9860"}],"wp:term":[{"taxonomy":"category","embeddable":true,"href":"https:\/\/www.fuldaernachrichten.de\/index.php?rest_route=%2Fwp%2Fv2%2Fcategories&post=9860"},{"taxonomy":"post_tag","embeddable":true,"href":"https:\/\/www.fuldaernachrichten.de\/index.php?rest_route=%2Fwp%2Fv2%2Ftags&post=9860"}],"curies":[{"name":"wp","href":"https:\/\/api.w.org\/{rel}","templated":true}]}}