{"id":98566,"date":"2012-05-23T07:17:12","date_gmt":"2012-05-23T07:17:12","guid":{"rendered":"http:\/\/www.fuldaer-nachrichten.de\/?p=98566"},"modified":"2012-05-23T07:17:12","modified_gmt":"2012-05-23T07:17:12","slug":"fuhrungswechsel-bei-der-feuerwehr-fulda-nord-standing-ovations-fur-den-scheidenden-wehrfuhrer","status":"publish","type":"post","link":"https:\/\/www.fuldaernachrichten.de\/?p=98566","title":{"rendered":"F\u00fchrungswechsel bei der Feuerwehr Fulda Nord &#8211; Standing Ovations f\u00fcr den scheidenden Wehrf\u00fchrer"},"content":{"rendered":"<p><a href=\"http:\/\/www.fuldaer-nachrichten.de\/wp-content\/uploads\/2012\/05\/Feuerwehr_Fulda_Nord.jpg\"><img decoding=\"async\" class=\"alignleft size-thumbnail wp-image-98567\" title=\"Feuerwehr_Fulda_Nord\" src=\"http:\/\/www.fuldaer-nachrichten.de\/wp-content\/uploads\/2012\/05\/Feuerwehr_Fulda_Nord-265x106.jpg\" alt=\"\" width=\"265\" height=\"106\" srcset=\"https:\/\/www.fuldaernachrichten.de\/wp-content\/uploads\/2012\/05\/Feuerwehr_Fulda_Nord-265x106.jpg 265w, https:\/\/www.fuldaernachrichten.de\/wp-content\/uploads\/2012\/05\/Feuerwehr_Fulda_Nord.jpg 600w\" sizes=\"(max-width: 265px) 100vw, 265px\" \/><\/a>Fulda (hm). Zur Jahreshauptversammlung der Freiwilligen Feuerwehr Fulda Nord konnte Wehrf\u00fchrer Dieter Br\u00e4hler den Amtsleiter der Feuerwehr Fulda Thomas Hinz sowie zahlreiche G\u00e4ste aus der Politik und befreundeter Vereine begr\u00fc\u00dfen. Der Einsatzabteilung geh\u00f6ren 58 M\u00e4nner und Frauen an. 2011 hatten die Feuerwehrleute des St\u00fctzpunktes Nord 78 Eins\u00e4tze zu bew\u00e4ltigen. Um den vielf\u00e4ltigen Anforderungen bei diesen Eins\u00e4tzen gerecht zu werden, wurden von den Aktiven 5129 \u00dcbungs- und Ausbildungsstunden erbracht. Neben Brandeins\u00e4tzen wurde die FF Nord auch zu Verkehrsunf\u00e4llen und Gefahrguteins\u00e4tzen alarmiert.\u00c2\u00a0 Das Einsatzspektrum reichte dabei von dramatischen Brandeins\u00e4tzen wie zum Beispiel bei den Br\u00e4nden auf landwirtschaftlichen Anlagen in Gersfeld und Haimbach bis hin zu Umwelteins\u00e4tzen zur Rettung von Kr\u00f6ten in einem ausgetrockneten Teich in Niesig. Alle Einsatzkr\u00e4fte sind von ihren Eins\u00e4tzen wohlbehalten zur\u00fcckgekehrt. Wehrf\u00fchrer Br\u00e4hler dankte am Ende seiner Ausf\u00fchrungen allen Kameraden f\u00fcr die gemeinsam erbrachte Leistung. <!--more--><br \/>\n<strong>Ausgezeichnete Jugendarbeit<\/strong><\/p>\n<p>\u00dcber die Jugendarbeit berichtet Jugendfeuerwehrwart Marco Brenzel.\u00c2\u00a0 Ein Jugendlicher wechselte in die Einsatzabteilung, vier neue Mitglieder konnte die JF Nord gewinnen. Die 15 Jugendlichen errangen den 2. Platz beim Stadtpokal und absolvierte mit Erfolg die Leistungsspange. Gemeinsam mit der Einsatzabteilung wurden Informationsveranstaltungen an den Schulen in Niesig, Lehnerz und der Marquartschule durchgef\u00fchrt. Die Jungen und M\u00e4dchen absolvierten im Berichtsjahr 396 Stunden feuerwehrtechnischer und 256 allgemeiner Jugendarbeit.\u00c2\u00a0 In Lehnerz und Niesig organisierte die Jugendfeuerwehr das allj\u00e4hrliche Hutzelfeuer. Und auch im Umweltschutz waren die Jugendlichen aktiv.<\/p>\n<p>Abschlie\u00dfend dankte Brenzel den Eltern der Jugendlichen und seinem Stellvertreter Georg Hillenbrand f\u00fcr die Unterst\u00fctzung. In seinem Gru\u00dfwort \u00fcberbrachte Stadtrat Arnold die Gr\u00fc\u00dfe des Oberb\u00fcrgermeisters und der st\u00e4dtischen Gremien sowie der Ortsvorsteher und dankte den Aktiven in Einsatzabteilung und Jugendfeuerwehr. Auch den Feuerwehrvereinen dankte er f\u00fcr die \u00e2\u20ac\u00a8\u00c2\u00a0 erbrachten Leistungen, stellen diese doch ein wichtiges Bindeglied in die Gemeinden dar. F\u00fcr die Nachwuchsgewinnung sind sie unverzichtbar. Insbesondere dankte Arnold dem scheidenden Wehrf\u00fchrer Br\u00e4hler f\u00fcr die letzten 27 Jahre Vorstandsarbeit und Wehrf\u00fchrung. Die Mitglieder der FF Nord zollten Br\u00e4hler Ihren Respekt in einem langen Applaus und Standing Ovations.<\/p>\n<p><strong>Ansprache des Leiters der Feuerwehr<\/strong><\/p>\n<p>Auch Amtsleiter Thomas Hinz ging in seiner Ansprache auf die besondere Leistung von Dieter Br\u00e4hler ein. War er doch der Motor an der Spitze seines Teams bei der Bildung der Feuerwehr Nord aus den Feuerwehren Niesig und Lehnerz. Rund 2500 Eins\u00e4tze hatte die Feuerwehr Fulda zu absolvieren. Oft Kleinkram f\u00fcr die Feuerwehr,\u00c2\u00a0 aber f\u00fcr die betroffenen B\u00fcrger eine gro\u00dfe Belastung oder sogar eine Katastrophe. In Bezug auf Ausbildung und Fitness stellte Hinz heraus, dass hier andere Anforderungen gestellt werden, als an eine Feuerwehr in einem kleinen Ort.<\/p>\n<p><strong>Neuwahlen<\/strong><\/p>\n<p>Bei den anschlie\u00dfenden Neuwahlen wurde der bisherige Stellvertreter Br\u00e4hlers,\u00c2\u00a0 J\u00fcrgen Dietrich, zum neuen Wehrf\u00fchrer gew\u00e4hlt. Ihm zur Seite steht Uwe Sauer als neuer stellvertretender Wehrf\u00fchrer. Die beiden L\u00f6schz\u00fcge werden gef\u00fchrt von Christoph Wegstein und Markus Weber.<\/p>\n<p><strong>Bef\u00f6rderungen<\/strong><\/p>\n<p>Aus der Hand des Amtsleiters erhielten Daniel Hillenbrand und Oliver Ritz Ihre Bef\u00f6rderungsurkunde\u00c2\u00a0 zum Feuerwehrmann. Sinja Seehaber wurde zur\u00c2\u00a0 Oberfeuerwehrfrau und die Kameraden J\u00f6rg Peter und Maik Zirkler wurden zu Hauptfeuerwehrm\u00e4nnern bef\u00f6rdert.\u00c2\u00a0 Mit Marco Brenzel steht nun ein neuer Oberl\u00f6schmeister zur Verf\u00fcgung.<\/p>\n<p><strong>Ehrungen<\/strong><\/p>\n<p>F\u00fcr 25 Jahre aktive Mitgliedschaft wurde Andreas Schulz das silberne Brandschutzehrenzeichen des Landes Hessen, die Plakette des Kurhessisch-Waldeckschen Feuerwehrverbandes in Bronze und die St.-Florians-Medaille der Stadt Fulda \u00fcberreicht. Markus Weber, Pascal Silbermann, Christian Rauch, Kevin Habicht und Timo Schwab erhielten das eiserne Leistungsabzeichen,\u00c2\u00a0 Oliver Gr\u00fcnkorn das Leistungsabzeichen in Bronze , Ulrich Schmelter, Uwe Sauer und Marco Brenzel wurden f\u00fcr Ihre erfolgreiche Teilnahme an den Feuerwehrleistungs\u00fcbungen mit dem silbernen Leistungsabzeichen geehrt.<\/p>\n<p>Nach \u00fcber 33 Jahren aktiver Vorstandsarbeit wurde Walter Beck zum Ehrenmitglied des Feuerwehrvereins Niesig ernannt und mit der St. Floriansmedallie am Bande ausgezeichnet.<br \/>\nF\u00fcr 60 Jahre Mitgliedschaft im Feuerwehrverein wurden Eugen V\u00f6ller, Ernst Seuring und Erich Heger geehrt.\u00c2\u00a0 Joachim Weber und Mattias Trost wurden f\u00fcr 25 Jahre Zugeh\u00f6rigkeit im Feuerwehrverein geeehrt.<\/p>\n<p>Abschlie\u00dfend berichteten die beiden Vereinsvorst\u00e4nde Claus Hillenbrand und Markus Weber \u00fcber die zahlreichen Aktivit\u00e4ten der Feuerwehrvereine Lehnerz und Niesig. So wurde unter anderem ein Werbe- und Informationstag veranstaltet, bei dem zahlreiche Besucher sich ein Bild \u00fcber die Arbeit der Feuerwehr machen konnten. Dank der finanziellen Unterst\u00fctzung der Vereine, konnte die Ausr\u00fcstung der Aktiven um warme Winterkleidung erg\u00e4nzt werden. Auch die Anschaffung verschiedener Sportger\u00e4te, f\u00fcr die pers\u00f6nliche Fitness der Einsatzkr\u00e4fte, war so m\u00f6glich.<br \/>\nBei den anschlie\u00dfenden Neuwahlen der beiden Vereine wurden Hillenbrand und Weber wiedergew\u00e4hlt.<\/p>\n<p>Feuerwehr Fulda Nord<br \/>\nWehrf\u00fchrer J\u00fcrgen Dietrich<br \/>\nStellv. Wehrf\u00fchrer Uwe Sauer<br \/>\nZugf\u00fchrer L\u00f6schzug Lehnerz Christoph Wegstein<br \/>\nZugf\u00fchrer L\u00f6schzug Niesig\u00c2\u00a0 Markus Weber<br \/>\nJugendfeuerwehrwart Marco Brenzel<br \/>\nStellv. Jugendfeuerwehrwart Georg Hillenbrand<br \/>\nVorsitzender Feuerwehrverein Lehnerz Claus Hillenbrand<br \/>\nVorsitzender Feuerwehrverein Niesig\u00c2\u00a0 Markus Weber<\/p>\n","protected":false},"excerpt":{"rendered":"<div class=\"tmnf_excerpt\"><p>Fulda (hm). Zur Jahreshauptversammlung der Freiwilligen Feuerwehr Fulda Nord konnte Wehrf\u00fchrer Dieter Br\u00e4hler den Amtsleiter der Feuerwehr Fulda Thomas Hinz sowie zahlreiche G\u00e4ste aus der Politik und befreundeter Vereine begr\u00fc\u00dfen. Der Einsatzabteilung geh\u00f6ren 58 M\u00e4nner und Frauen an. 2011 hatten die Feuerwehrleute des St\u00fctzpunktes Nord 78 Eins\u00e4tze zu bew\u00e4ltigen. Um den vielf\u00e4ltigen Anforderungen bei diesen &hellip;<\/p>\n<\/div>","protected":false},"author":1,"featured_media":0,"comment_status":"closed","ping_status":"closed","sticky":false,"template":"","format":"standard","meta":{"footnotes":""},"categories":[1,71],"tags":[],"class_list":["post-98566","post","type-post","status-publish","format-standard","hentry","category-startseite","category-feuerwehr"],"_links":{"self":[{"href":"https:\/\/www.fuldaernachrichten.de\/index.php?rest_route=\/wp\/v2\/posts\/98566","targetHints":{"allow":["GET"]}}],"collection":[{"href":"https:\/\/www.fuldaernachrichten.de\/index.php?rest_route=\/wp\/v2\/posts"}],"about":[{"href":"https:\/\/www.fuldaernachrichten.de\/index.php?rest_route=\/wp\/v2\/types\/post"}],"author":[{"embeddable":true,"href":"https:\/\/www.fuldaernachrichten.de\/index.php?rest_route=\/wp\/v2\/users\/1"}],"replies":[{"embeddable":true,"href":"https:\/\/www.fuldaernachrichten.de\/index.php?rest_route=%2Fwp%2Fv2%2Fcomments&post=98566"}],"version-history":[{"count":0,"href":"https:\/\/www.fuldaernachrichten.de\/index.php?rest_route=\/wp\/v2\/posts\/98566\/revisions"}],"wp:attachment":[{"href":"https:\/\/www.fuldaernachrichten.de\/index.php?rest_route=%2Fwp%2Fv2%2Fmedia&parent=98566"}],"wp:term":[{"taxonomy":"category","embeddable":true,"href":"https:\/\/www.fuldaernachrichten.de\/index.php?rest_route=%2Fwp%2Fv2%2Fcategories&post=98566"},{"taxonomy":"post_tag","embeddable":true,"href":"https:\/\/www.fuldaernachrichten.de\/index.php?rest_route=%2Fwp%2Fv2%2Ftags&post=98566"}],"curies":[{"name":"wp","href":"https:\/\/api.w.org\/{rel}","templated":true}]}}