{"id":9856,"date":"2008-06-13T00:32:14","date_gmt":"2008-06-12T22:32:14","guid":{"rendered":"http:\/\/www.schoene-nachrichten.de\/?p=9856"},"modified":"2008-06-12T21:47:32","modified_gmt":"2008-06-12T19:47:32","slug":"flagge-zeigen-gewusst-wie-adac-fanartikel-am-auto-duerfen-sicht-nicht-behindern","status":"publish","type":"post","link":"https:\/\/www.fuldaernachrichten.de\/?p=9856","title":{"rendered":"Flagge zeigen \u2013 gewusst wie &#8211; ADAC: Fanartikel am Auto d\u00fcrfen Sicht nicht behindern"},"content":{"rendered":"<p><strong>Frankfurt.<\/strong> W\u00e4hrend der Fu\u00dfball-EM d\u00fcrfen in Deutschland sowie der Schweiz und \u00d6sterreich zwar handels\u00fcbliche Fahnen als Fan-Artikel am Fahrzeug befestigt werden Die Flaggen m\u00fcssen jedoch stabil verankert sein und d\u00fcrfen die freie Sicht des Fahrers auf den Stra\u00dfenverkehr nicht beeintr\u00e4chtigen. Absolut verboten sind gro\u00dfformatige Flaggen, die etwa an langen Stangen aus den Seitenscheiben oder dem Schiebedach gehalten bzw. geschwenkt werden.<!--more--><\/p>\n<p>Beschriftungen und Aufkleber sind an der Frontscheibe und den Seitenfenstern nicht ge-stattet, schr\u00e4nken sie doch die Sicht ein und behindern so die Beobachtung des Stra\u00dfenverkehrs. Verf\u00fcgt das Fahrzeug nur \u00fcber einen Au\u00dfenspiegel, muss auch die Heckscheibe frei bleiben.<\/p>\n<p>Verursacht das Abfallen von F\u00e4hnchen w\u00e4hrend der Fahrt einen Verkehrsunfall, so ist bei der sachgem\u00e4\u00dfen Anbringung von hierf\u00fcr entwickelten, handels\u00fcblichen Flaggen die Haftpflichtversicherung des Halters zust\u00e4ndig. Dies gilt allerdings nicht f\u00fcr gro\u00dffl\u00e4chige Fahnen, hier kommt die Versicherung im Falle eines verschuldeten Unfalls nicht f\u00fcr den Schaden auf. Mehr Informationen zu \u201eFlagge zeigen \u2013 gewusst wie\u201c<br \/>\nunter der\u00c2\u00a0 Tel. 069 \/ 6607-8025.<\/p>\n","protected":false},"excerpt":{"rendered":"<div class=\"tmnf_excerpt\"><p>Frankfurt. W\u00e4hrend der Fu\u00dfball-EM d\u00fcrfen in Deutschland sowie der Schweiz und \u00d6sterreich zwar handels\u00fcbliche Fahnen als Fan-Artikel am Fahrzeug befestigt werden Die Flaggen m\u00fcssen jedoch stabil verankert sein und d\u00fcrfen die freie Sicht des Fahrers auf den Stra\u00dfenverkehr nicht beeintr\u00e4chtigen. Absolut verboten sind gro\u00dfformatige Flaggen, die etwa an langen Stangen aus den Seitenscheiben oder dem &hellip;<\/p>\n<\/div>","protected":false},"author":1,"featured_media":0,"comment_status":"closed","ping_status":"closed","sticky":false,"template":"","format":"standard","meta":{"footnotes":""},"categories":[1,46],"tags":[],"class_list":["post-9856","post","type-post","status-publish","format-standard","hentry","category-startseite","category-sport"],"_links":{"self":[{"href":"https:\/\/www.fuldaernachrichten.de\/index.php?rest_route=\/wp\/v2\/posts\/9856","targetHints":{"allow":["GET"]}}],"collection":[{"href":"https:\/\/www.fuldaernachrichten.de\/index.php?rest_route=\/wp\/v2\/posts"}],"about":[{"href":"https:\/\/www.fuldaernachrichten.de\/index.php?rest_route=\/wp\/v2\/types\/post"}],"author":[{"embeddable":true,"href":"https:\/\/www.fuldaernachrichten.de\/index.php?rest_route=\/wp\/v2\/users\/1"}],"replies":[{"embeddable":true,"href":"https:\/\/www.fuldaernachrichten.de\/index.php?rest_route=%2Fwp%2Fv2%2Fcomments&post=9856"}],"version-history":[{"count":0,"href":"https:\/\/www.fuldaernachrichten.de\/index.php?rest_route=\/wp\/v2\/posts\/9856\/revisions"}],"wp:attachment":[{"href":"https:\/\/www.fuldaernachrichten.de\/index.php?rest_route=%2Fwp%2Fv2%2Fmedia&parent=9856"}],"wp:term":[{"taxonomy":"category","embeddable":true,"href":"https:\/\/www.fuldaernachrichten.de\/index.php?rest_route=%2Fwp%2Fv2%2Fcategories&post=9856"},{"taxonomy":"post_tag","embeddable":true,"href":"https:\/\/www.fuldaernachrichten.de\/index.php?rest_route=%2Fwp%2Fv2%2Ftags&post=9856"}],"curies":[{"name":"wp","href":"https:\/\/api.w.org\/{rel}","templated":true}]}}