{"id":9855,"date":"2008-06-13T00:13:57","date_gmt":"2008-06-12T22:13:57","guid":{"rendered":"http:\/\/www.schoene-nachrichten.de\/?p=9855"},"modified":"2008-06-12T21:43:56","modified_gmt":"2008-06-12T19:43:56","slug":"bischof-algermissen-predigte-beim-priestertag-der-dioezese","status":"publish","type":"post","link":"https:\/\/www.fuldaernachrichten.de\/?p=9855","title":{"rendered":"Bischof Algermissen predigte beim Priestertag der Di\u00f6zese"},"content":{"rendered":"<p><strong>Fulda.<\/strong> Auf die wachsenden Schwierigkeiten f\u00fcr den priesterlichen und diakonalen Dienst in der heutigen Gesellschaft hat Bischof Heinz Josef Algermissen am Mittwoch beim traditionellen Priestertag der Di\u00f6zese in Fulda hingewiesen. Sicher seien angemessene Strukturen vonn\u00f6ten, aber diese m\u00fc\u00dften erkennbar dem Evangelium dienen, sonst blieben sie ohne Nutzen.<!--more--><\/p>\n<p>\u201eIm Umbruch, der all unsere Kr\u00e4fte fordert, mu\u00df uns klar vor Augen stehen, was wir glauben und wem wir glauben\u201c, betonte der Oberhirte. In einem feierlichen Gottesdienst im Hohen Dom zu Fulda, an dem \u00fcber 200 Welt- und Ordensgeistliche teilnahmen, sprach Bischof Algermissen diesen seinen Dank daf\u00fcr aus, da\u00df sie Gott in seiner Kirche \u201etreu und mit Hingabe\u201c dienten.<\/p>\n<p>\u201eInmitten einer permissiven Gesellschaft sollen wir Orientierung geben; in einer zerstrittenen Welt Menschen zusammenf\u00fchren; in einer Zeit, in der immer weniger dienen wollen, uns f\u00fcr andere einsetzen; in einer sich auf das Diesseits beschr\u00e4nkenden Welt ehelos leben um des Himmelreiches willen.\u201c Es sei eine berechtigte Frage, ob Geistliche angesichts solcher Widerspr\u00fcche nicht \u00fcberfordert seien. Hier gelte es laut Algermissen, das Wort Jesu ernst zu nehmen, das er den Aposteln w\u00e4hrend des Abschiedsmahles sagte: \u201eBleibt in mir, dann bleibe ich in euch\u201c. Jesus Christus garantiere in seiner Person die Treue Gottes zu den Gl\u00e4ubigen und Priestern.<\/p>\n<p>\u00dcberlegungen zu Aufgaben und Selbstverst\u00e4ndnis von Priestern und Diakonen als \u201eFreunde Christi, Freunde des Br\u00e4utigams\u201c in der heutigen Zeit legte sodann der Erfurter Theologieprofessor Dr. Josef Freitag beim Festvortrag in der Orangerie vor. \u201eDas pers\u00f6nliche Gebet, ohne das man nicht Priester oder Diakon sein kann, ist wie ein Lebenselixier f\u00fcr die Geistlichen\u201c, lautete eine der Hauptthesen des Vortrags. Das Gebet lehre einen, in der \u201eWirklichkeit Jesus Christi standzuhalten\u201c.<\/p>\n<p>Geistliche m\u00fc\u00dften laut Freitag \u201eHirten f\u00fcr die Menschen\u201c sein, aber sie seien auch auf die Gemeinschaft untereinander angewiesen. Bei der Vielzahl der \u00f6ffentlichen Anforderungen an einen Gemeindepriester z. B. aus dem sozialen oder schulischen Bereich komme es darauf an, als Priester erkennbar zu bleiben. \u201eDabei hilft das Gespr\u00e4ch untereinander\u201c, hob der Referent hervor und erinnerte an die universale Weite des priesterlichen und diakonalen Dienstes, die gerade auch in der Eucharistiefeier zum Ausdruck komme.<\/p>\n","protected":false},"excerpt":{"rendered":"<div class=\"tmnf_excerpt\"><p>Fulda. Auf die wachsenden Schwierigkeiten f\u00fcr den priesterlichen und diakonalen Dienst in der heutigen Gesellschaft hat Bischof Heinz Josef Algermissen am Mittwoch beim traditionellen Priestertag der Di\u00f6zese in Fulda hingewiesen. Sicher seien angemessene Strukturen vonn\u00f6ten, aber diese m\u00fc\u00dften erkennbar dem Evangelium dienen, sonst blieben sie ohne Nutzen.<\/p>\n<\/div>","protected":false},"author":1,"featured_media":0,"comment_status":"closed","ping_status":"closed","sticky":false,"template":"","format":"standard","meta":{"footnotes":""},"categories":[1,50],"tags":[],"class_list":["post-9855","post","type-post","status-publish","format-standard","hentry","category-startseite","category-kirche"],"_links":{"self":[{"href":"https:\/\/www.fuldaernachrichten.de\/index.php?rest_route=\/wp\/v2\/posts\/9855","targetHints":{"allow":["GET"]}}],"collection":[{"href":"https:\/\/www.fuldaernachrichten.de\/index.php?rest_route=\/wp\/v2\/posts"}],"about":[{"href":"https:\/\/www.fuldaernachrichten.de\/index.php?rest_route=\/wp\/v2\/types\/post"}],"author":[{"embeddable":true,"href":"https:\/\/www.fuldaernachrichten.de\/index.php?rest_route=\/wp\/v2\/users\/1"}],"replies":[{"embeddable":true,"href":"https:\/\/www.fuldaernachrichten.de\/index.php?rest_route=%2Fwp%2Fv2%2Fcomments&post=9855"}],"version-history":[{"count":0,"href":"https:\/\/www.fuldaernachrichten.de\/index.php?rest_route=\/wp\/v2\/posts\/9855\/revisions"}],"wp:attachment":[{"href":"https:\/\/www.fuldaernachrichten.de\/index.php?rest_route=%2Fwp%2Fv2%2Fmedia&parent=9855"}],"wp:term":[{"taxonomy":"category","embeddable":true,"href":"https:\/\/www.fuldaernachrichten.de\/index.php?rest_route=%2Fwp%2Fv2%2Fcategories&post=9855"},{"taxonomy":"post_tag","embeddable":true,"href":"https:\/\/www.fuldaernachrichten.de\/index.php?rest_route=%2Fwp%2Fv2%2Ftags&post=9855"}],"curies":[{"name":"wp","href":"https:\/\/api.w.org\/{rel}","templated":true}]}}