{"id":9854,"date":"2008-06-13T00:40:18","date_gmt":"2008-06-12T22:40:18","guid":{"rendered":"http:\/\/www.schoene-nachrichten.de\/?p=9854"},"modified":"2008-06-12T21:42:00","modified_gmt":"2008-06-12T19:42:00","slug":"wir-muessen-optimisten-sein-kommunalpolitischer-abend-in-der-ihk","status":"publish","type":"post","link":"https:\/\/www.fuldaernachrichten.de\/?p=9854","title":{"rendered":"\u201eWir m\u00fcssen Optimisten sein\u201c &#8211; Kommunalpolitischer Abend in der IHK"},"content":{"rendered":"<p><strong>Fulda.<\/strong> Das funktionierende Netzwerk zwischen Politik und Wirtschaft ist l\u00e4ngst ein wichtiger Standortfaktor in der Region. Wie soll der Wirtschaftsstandort Fulda gestaltet werden? Welche infrastrukturpolitischen Ma\u00dfnahmen sind sinnvoll? Welche Positionen vertritt die Wirtschaft? Um den direkten Austausch weiter zu pflegen, lud die IHK Fulda k\u00fcrzlich die B\u00fcrgermeister der Region sowie Politiker aus Stadtparlament und Kreistag gemeinsam mit Unternehmern zum zweiten Kommunalpolitischen Abend in die IHK ein. <!--more--><\/p>\n<p>Helmut Sorg ging zun\u00e4chst auf die Konjunktur in Deutschland ein und stellte anschlie\u00dfend die ausgesprochen g\u00fcnstige Entwicklung der Wirtschaftsdaten in der Region Fulda vor, die sich in der mit 5,2 Prozent hessenweit niedrigsten Arbeitslosenquote (Bund 7,8 Prozent) niederschl\u00e4gt. Ihre insgesamt stabile wirtschaftliche Lage verdanke die Region vor allem ihrer mittelst\u00e4ndisch gepr\u00e4gten Struktur, der g\u00fcnstigen Lage und Infrastruktur, dem guten Miteinander zwischen Arbeitgebern und Mitarbeitern und der funktionierenden Vernetzung in der Region.<\/p>\n<p>Auch wenn die wirtschaftliche Lage sowohl im Bund als auch in der Region sich auf einem hohen Niveau bewege und durch weiter steigende Exporte positiv beeinflusst werde \u2013 in der Region stieg die Exportrate um 14 Prozent gegen\u00fcber dem Vergleichsraum im vergangenen Jahr \u2013, sei der H\u00f6hepunkt der Konjunktur voraussichtlich \u00fcberschritten. Das habe auch die Konjunkturumfrage der IHK Fulda gezeigt. Die Gr\u00fcnde: Finanzkrise in den USA, steigende Inflation und explodierende Rohstoffpreise.<\/p>\n<p>Der IHK-Pr\u00e4sident skizzierte wichtige Aufgaben der Industrie- und Handelskammer Fulda. Der Ausbau der Infrastruktur, Ausbildung- und Weiterbildung sowie die F\u00f6rderung von benachteiligten Jugendlichen geh\u00f6ren ebenso dazu wie zahlreiche Hilfen bei der Existenzgr\u00fcndung- und -sicherung, die Initiativen zur Vereinbarkeit von Familie und Beruf oder Projekte zur F\u00f6rderung der Bildung.<\/p>\n<p>Die Wunschliste der IHK an die Politiker hat sich im Vergleich zum vergangenen Jahr kaum ver\u00e4ndert. Sorg forderte die kommunalen Verantwortlichen auf, ma\u00dfvoll mit Geb\u00fchren umzugehen, Subventionen zu \u00fcberdenken, ausreichende Gewerbegebiete auszuweisen, die Infrastruktur gezielt auszubauen und nicht zuletzt, \u00fcber die Energiepreispolitik in der Region nachzudenken.<\/p>\n<p>Oberb\u00fcrgermeister Gerhard M\u00f6ller teilte die Einsch\u00e4tzung Sorgs zur wirtschaftlichen Entwicklung und betonte die Bedeutung des Schulterschlusses zwischen Arbeitgebern und Arbeitnehmern. Das gute Verh\u00e4ltnis zur Wirtschaft werde mit Nachdruck weiterhin gepflegt.<\/p>\n<p>Das konnte Bernd Woide nur unterstreichen. Der Landrat stand noch unter dem Eindruck seines Treffens mit Kollegen in Berlin. Keinem von ihnen war eine dem Kommunalpolitischen Abend vergleichbare Veranstaltung bekannt, was f\u00fcr die gute Vernetzung der Region Fulda spricht.<\/p>\n<p>Was hat Fulda mit der gro\u00dfen Wirtschaftsmacht Indien zu tun? In zehn Minuten, die es in sich hatten, berichtete Bernhard Steinruecke \u00fcber die Wirtschaft in Indien und hielt ein flammendes Pl\u00e4doyer, um die Unternehmer der Region f\u00fcr die junge Wirtschaftsmacht zu begeistern. Der Hauptgesch\u00e4ftsf\u00fchrer der Deutsch-Indischen Handelskammer (AHK) in Bombay hat \u00fcbrigens einen Teil seiner Kindheit in K\u00fcnzell verbracht und in Fulda das Freiherr-vom-Stein-Gymnasium besucht.<\/p>\n<p>\u201eDeutschland ist einer der gr\u00f6\u00dften Handelspartner Indiens, und deutsche Tugenden werden dort hoch gesch\u00e4tzt.\u201c Neben bedr\u00fcckender Armut existiere gleichzeitig gro\u00dfer Wohlstand. Vor allem aber herrschten Aufbruchstimmung und Optimismus, von dem sich die Deutschen einiges abschneiden k\u00f6nnten. \u201eWir m\u00fcssen Optimisten sein.\u201c<\/p>\n<p>Die AHK bietet Unternehmen, die dort Fu\u00df fassen wollen, einen umfangreichen Service: Dazu geh\u00f6ren Marktstudien, Wettbewerbs-, Standort-, Produkt- und Preisanalysen ebenso wie die Partner-, Kaufobjektsuche, die Begleitung bei Firmengr\u00fcndungen oder \u00dcbernahmen. Eine hervorragende Unterst\u00fctzung, um einen wichtigen Markt zu erobern.<\/p>\n<p>Nach Vortr\u00e4gen nutzten die rund 100 G\u00e4ste die Gelegenheit, sich in entspannter Atmosph\u00e4re auszutauschen. Ausf\u00fchrlicher Bericht unter www.ihk-fulda.de.<\/p>\n","protected":false},"excerpt":{"rendered":"<div class=\"tmnf_excerpt\"><p>Fulda. Das funktionierende Netzwerk zwischen Politik und Wirtschaft ist l\u00e4ngst ein wichtiger Standortfaktor in der Region. Wie soll der Wirtschaftsstandort Fulda gestaltet werden? Welche infrastrukturpolitischen Ma\u00dfnahmen sind sinnvoll? Welche Positionen vertritt die Wirtschaft? Um den direkten Austausch weiter zu pflegen, lud die IHK Fulda k\u00fcrzlich die B\u00fcrgermeister der Region sowie Politiker aus Stadtparlament und Kreistag &hellip;<\/p>\n<\/div>","protected":false},"author":1,"featured_media":0,"comment_status":"closed","ping_status":"closed","sticky":false,"template":"","format":"standard","meta":{"footnotes":""},"categories":[1,29],"tags":[],"class_list":["post-9854","post","type-post","status-publish","format-standard","hentry","category-startseite","category-politik"],"_links":{"self":[{"href":"https:\/\/www.fuldaernachrichten.de\/index.php?rest_route=\/wp\/v2\/posts\/9854","targetHints":{"allow":["GET"]}}],"collection":[{"href":"https:\/\/www.fuldaernachrichten.de\/index.php?rest_route=\/wp\/v2\/posts"}],"about":[{"href":"https:\/\/www.fuldaernachrichten.de\/index.php?rest_route=\/wp\/v2\/types\/post"}],"author":[{"embeddable":true,"href":"https:\/\/www.fuldaernachrichten.de\/index.php?rest_route=\/wp\/v2\/users\/1"}],"replies":[{"embeddable":true,"href":"https:\/\/www.fuldaernachrichten.de\/index.php?rest_route=%2Fwp%2Fv2%2Fcomments&post=9854"}],"version-history":[{"count":0,"href":"https:\/\/www.fuldaernachrichten.de\/index.php?rest_route=\/wp\/v2\/posts\/9854\/revisions"}],"wp:attachment":[{"href":"https:\/\/www.fuldaernachrichten.de\/index.php?rest_route=%2Fwp%2Fv2%2Fmedia&parent=9854"}],"wp:term":[{"taxonomy":"category","embeddable":true,"href":"https:\/\/www.fuldaernachrichten.de\/index.php?rest_route=%2Fwp%2Fv2%2Fcategories&post=9854"},{"taxonomy":"post_tag","embeddable":true,"href":"https:\/\/www.fuldaernachrichten.de\/index.php?rest_route=%2Fwp%2Fv2%2Ftags&post=9854"}],"curies":[{"name":"wp","href":"https:\/\/api.w.org\/{rel}","templated":true}]}}