{"id":9846,"date":"2008-06-12T00:24:09","date_gmt":"2008-06-11T22:24:09","guid":{"rendered":"http:\/\/www.schoene-nachrichten.de\/?p=9846"},"modified":"2008-06-11T22:26:00","modified_gmt":"2008-06-11T20:26:00","slug":"stefan-schunck-einstimmig-wieder-bestellt","status":"publish","type":"post","link":"https:\/\/www.fuldaernachrichten.de\/?p=9846","title":{"rendered":"Stefan Schunck einstimmig wieder bestellt"},"content":{"rendered":"<p><a rel=\"lightbox[roadtrip]\" href=\"http:\/\/www.schoene-nachrichten.de\/wp-content\/uploads\/2008\/06\/23-08-wiederwahl-stefan-schunck.jpg\" target=\"_blank\"><img decoding=\"async\" class=\"alignleft size-medium wp-image-9847\" title=\"23-08-wiederwahl-stefan-schunck\" src=\"http:\/\/www.schoene-nachrichten.de\/wp-content\/uploads\/2008\/06\/23-08-wiederwahl-stefan-schunck-83x128.jpg\" alt=\"\" hspace=\"5\" width=\"83\" height=\"128\" align=\"left\" srcset=\"https:\/\/www.fuldaernachrichten.de\/wp-content\/uploads\/2008\/06\/23-08-wiederwahl-stefan-schunck-83x128.jpg 83w, https:\/\/www.fuldaernachrichten.de\/wp-content\/uploads\/2008\/06\/23-08-wiederwahl-stefan-schunck.jpg 399w\" sizes=\"(max-width: 83px) 100vw, 83px\" \/><\/a><strong>Fulda.<\/strong> Die Vollversammlung der Industrie- und Handelskammer Fulda hat auf ihrer j\u00fcngsten Sitzung Stefan Schunck als Hauptgesch\u00e4ftsf\u00fchrer best\u00e4tigt. Damit tritt der 49-j\u00e4hrige Diplom-Volkswirt, der seit dem 1. Oktober 1998 diese Funktion bekleidet, seine dritte Amtsperiode f\u00fcr weitere f\u00fcnf Jahre an. Die Bekanntgabe des Wahlergebnisses verband Helmut Sorg, Pr\u00e4sident der IHK Fulda, mit einem pers\u00f6nlichen Dank f\u00fcr den sehr engagierten Einsatz f\u00fcr die Belange der heimischen Wirtschaft und die ausgezeichnete Zusammenarbeit mit Pr\u00e4sidium und Vollversammlung.<!--more--><\/p>\n<p>In diesem Zusammenhang hob Sorg vor allem die Verbesserung der Dienstleistungsqualit\u00e4t f\u00fcr die Mitglieder der Industrie- und Handelskammer hervor, die Stefan Schunck gemeinsam mit seinem Team umgesetzt habe. Ich freue mich auf eine weitere gute Kooperation\u201c, erkl\u00e4rte der IHK-Pr\u00e4sident.<\/p>\n<p>Vor seinem Amtsantritt war der geb\u00fcrtige Fuldaer, der in Mainz Volkswirtschaft studierte, in der Vereinigung der hessischen Unternehmerverb\u00e4nde in Frankfurt f\u00fcr wirtschafts- und umweltpolitische Fragen zust\u00e4ndig. Stefan Schunck geh\u00f6rt der Kreissynode des evangelischen Kirchenkreises Fulda an und ist stellvertretendes Mitglied der Landessynode der evangelischen Kirche Kurhessen-Waldeck.<\/p>\n","protected":false},"excerpt":{"rendered":"<div class=\"tmnf_excerpt\"><p>Fulda. Die Vollversammlung der Industrie- und Handelskammer Fulda hat auf ihrer j\u00fcngsten Sitzung Stefan Schunck als Hauptgesch\u00e4ftsf\u00fchrer best\u00e4tigt. Damit tritt der 49-j\u00e4hrige Diplom-Volkswirt, der seit dem 1. Oktober 1998 diese Funktion bekleidet, seine dritte Amtsperiode f\u00fcr weitere f\u00fcnf Jahre an. Die Bekanntgabe des Wahlergebnisses verband Helmut Sorg, Pr\u00e4sident der IHK Fulda, mit einem pers\u00f6nlichen Dank &hellip;<\/p>\n<\/div>","protected":false},"author":1,"featured_media":0,"comment_status":"closed","ping_status":"closed","sticky":false,"template":"","format":"standard","meta":{"footnotes":""},"categories":[1],"tags":[],"class_list":["post-9846","post","type-post","status-publish","format-standard","hentry","category-startseite"],"_links":{"self":[{"href":"https:\/\/www.fuldaernachrichten.de\/index.php?rest_route=\/wp\/v2\/posts\/9846","targetHints":{"allow":["GET"]}}],"collection":[{"href":"https:\/\/www.fuldaernachrichten.de\/index.php?rest_route=\/wp\/v2\/posts"}],"about":[{"href":"https:\/\/www.fuldaernachrichten.de\/index.php?rest_route=\/wp\/v2\/types\/post"}],"author":[{"embeddable":true,"href":"https:\/\/www.fuldaernachrichten.de\/index.php?rest_route=\/wp\/v2\/users\/1"}],"replies":[{"embeddable":true,"href":"https:\/\/www.fuldaernachrichten.de\/index.php?rest_route=%2Fwp%2Fv2%2Fcomments&post=9846"}],"version-history":[{"count":0,"href":"https:\/\/www.fuldaernachrichten.de\/index.php?rest_route=\/wp\/v2\/posts\/9846\/revisions"}],"wp:attachment":[{"href":"https:\/\/www.fuldaernachrichten.de\/index.php?rest_route=%2Fwp%2Fv2%2Fmedia&parent=9846"}],"wp:term":[{"taxonomy":"category","embeddable":true,"href":"https:\/\/www.fuldaernachrichten.de\/index.php?rest_route=%2Fwp%2Fv2%2Fcategories&post=9846"},{"taxonomy":"post_tag","embeddable":true,"href":"https:\/\/www.fuldaernachrichten.de\/index.php?rest_route=%2Fwp%2Fv2%2Ftags&post=9846"}],"curies":[{"name":"wp","href":"https:\/\/api.w.org\/{rel}","templated":true}]}}