{"id":9838,"date":"2008-06-12T00:39:57","date_gmt":"2008-06-11T22:39:57","guid":{"rendered":"http:\/\/www.schoene-nachrichten.de\/?p=9838"},"modified":"2008-06-11T22:28:09","modified_gmt":"2008-06-11T20:28:09","slug":"tagesausflug-in-den-holidaypark-nach-hassloch","status":"publish","type":"post","link":"https:\/\/www.fuldaernachrichten.de\/?p=9838","title":{"rendered":"Tagesausflug in den Holidaypark nach Hassloch"},"content":{"rendered":"<p><strong>H\u00fcnfeld.<\/strong> Die Stadt H\u00fcnfeld bietet im Rahmen ihres Sommerprogramms f\u00fcr Kinder und Jugendliche auch in diesem Jahr wieder einen Tagesausflug in einen Freizeit- und Erlebnispark an. Ziel ist in diesem Jahr am Mittwoch, 2. Juli, der Holidaypark in Hassloch.<!--more--><\/p>\n<p>Im Rahmen der Interkommunalen Zusammenarbeit mit den Nachbargemeinden Rasdorf, N\u00fcsttal und Burghaun k\u00f6nnen sich auch Jugendliche im Alter von 13 bis 16 Jahren aus diesen Gemeinden anmelden. Karten sind gegen einen Teilnehmerbeitrag von 25 Euro im H\u00fcnfelder Rathaus, Zimmer 201, erh\u00e4ltlich. Im Fahrpreis ist der Eintritt, die Busfahrt und ein Imbiss enthalten.<\/p>\n<p>Der Holidaypark in Hassloch geh\u00f6rt zu den meist besuchten Ferienparks in Deutschland und bieten vor allem spektakul\u00e4re Fahrgesch\u00e4fte. W\u00e4hrend der Fahrt werden die Jugendlichen durch insgesamt drei Begleitpersonen betreut.<\/p>\n","protected":false},"excerpt":{"rendered":"<div class=\"tmnf_excerpt\"><p>H\u00fcnfeld. Die Stadt H\u00fcnfeld bietet im Rahmen ihres Sommerprogramms f\u00fcr Kinder und Jugendliche auch in diesem Jahr wieder einen Tagesausflug in einen Freizeit- und Erlebnispark an. Ziel ist in diesem Jahr am Mittwoch, 2. Juli, der Holidaypark in Hassloch.<\/p>\n<\/div>","protected":false},"author":1,"featured_media":0,"comment_status":"closed","ping_status":"closed","sticky":false,"template":"","format":"standard","meta":{"footnotes":""},"categories":[1],"tags":[],"class_list":["post-9838","post","type-post","status-publish","format-standard","hentry","category-startseite"],"_links":{"self":[{"href":"https:\/\/www.fuldaernachrichten.de\/index.php?rest_route=\/wp\/v2\/posts\/9838","targetHints":{"allow":["GET"]}}],"collection":[{"href":"https:\/\/www.fuldaernachrichten.de\/index.php?rest_route=\/wp\/v2\/posts"}],"about":[{"href":"https:\/\/www.fuldaernachrichten.de\/index.php?rest_route=\/wp\/v2\/types\/post"}],"author":[{"embeddable":true,"href":"https:\/\/www.fuldaernachrichten.de\/index.php?rest_route=\/wp\/v2\/users\/1"}],"replies":[{"embeddable":true,"href":"https:\/\/www.fuldaernachrichten.de\/index.php?rest_route=%2Fwp%2Fv2%2Fcomments&post=9838"}],"version-history":[{"count":0,"href":"https:\/\/www.fuldaernachrichten.de\/index.php?rest_route=\/wp\/v2\/posts\/9838\/revisions"}],"wp:attachment":[{"href":"https:\/\/www.fuldaernachrichten.de\/index.php?rest_route=%2Fwp%2Fv2%2Fmedia&parent=9838"}],"wp:term":[{"taxonomy":"category","embeddable":true,"href":"https:\/\/www.fuldaernachrichten.de\/index.php?rest_route=%2Fwp%2Fv2%2Fcategories&post=9838"},{"taxonomy":"post_tag","embeddable":true,"href":"https:\/\/www.fuldaernachrichten.de\/index.php?rest_route=%2Fwp%2Fv2%2Ftags&post=9838"}],"curies":[{"name":"wp","href":"https:\/\/api.w.org\/{rel}","templated":true}]}}