{"id":9835,"date":"2008-06-12T00:48:11","date_gmt":"2008-06-11T22:48:11","guid":{"rendered":"http:\/\/www.schoene-nachrichten.de\/?p=9835"},"modified":"2008-06-11T22:31:20","modified_gmt":"2008-06-11T20:31:20","slug":"muehlen-und-wasserkraftexkursion-am-deutschen-wandertag","status":"publish","type":"post","link":"https:\/\/www.fuldaernachrichten.de\/?p=9835","title":{"rendered":"M\u00fchlen- und Wasserkraftexkursion am Deutschen Wandertag"},"content":{"rendered":"<p><strong>Rh\u00f6n.<\/strong> Anl\u00e4sslich des Deutschen Wandertages l\u00e4dt das Biosph\u00e4renreservat Rh\u00f6n zu einer M\u00fchlen- und Wasserkraftexkursion am Montag, 23. Juni 2008, ein. Im Rahmen einer ganzt\u00e4gigen Busexkursion werden die Untere M\u00fchle in Brand, die Rothm\u00fchle in Hilders die Hasenm\u00fchle und die Ulsterm\u00fchle von G\u00fcnter Zinn in Tann sowie die K\u00f6nigsm\u00fchle in Obern\u00fcst angefahren.<!--more--><\/p>\n<p>Die Exkursion startet um 10.00 Uhr per Bus am Parkplatz Johannisaue in Fulda. Voraussichtliche R\u00fcckkehr ist um 18.00 Uhr. Die Kosten betragen 14 \u00e2\u201a\u00ac pro Person. Eingeladen sind die Wanderer, aber auch alle Wasserkraftinteressierten, der Region. Anmeldung ist erforderlich unter Tel.: 06654-96120.<\/p>\n","protected":false},"excerpt":{"rendered":"<div class=\"tmnf_excerpt\"><p>Rh\u00f6n. Anl\u00e4sslich des Deutschen Wandertages l\u00e4dt das Biosph\u00e4renreservat Rh\u00f6n zu einer M\u00fchlen- und Wasserkraftexkursion am Montag, 23. Juni 2008, ein. Im Rahmen einer ganzt\u00e4gigen Busexkursion werden die Untere M\u00fchle in Brand, die Rothm\u00fchle in Hilders die Hasenm\u00fchle und die Ulsterm\u00fchle von G\u00fcnter Zinn in Tann sowie die K\u00f6nigsm\u00fchle in Obern\u00fcst angefahren.<\/p>\n<\/div>","protected":false},"author":1,"featured_media":0,"comment_status":"closed","ping_status":"closed","sticky":false,"template":"","format":"standard","meta":{"footnotes":""},"categories":[1,52],"tags":[],"class_list":["post-9835","post","type-post","status-publish","format-standard","hentry","category-startseite","category-umwelt"],"_links":{"self":[{"href":"https:\/\/www.fuldaernachrichten.de\/index.php?rest_route=\/wp\/v2\/posts\/9835","targetHints":{"allow":["GET"]}}],"collection":[{"href":"https:\/\/www.fuldaernachrichten.de\/index.php?rest_route=\/wp\/v2\/posts"}],"about":[{"href":"https:\/\/www.fuldaernachrichten.de\/index.php?rest_route=\/wp\/v2\/types\/post"}],"author":[{"embeddable":true,"href":"https:\/\/www.fuldaernachrichten.de\/index.php?rest_route=\/wp\/v2\/users\/1"}],"replies":[{"embeddable":true,"href":"https:\/\/www.fuldaernachrichten.de\/index.php?rest_route=%2Fwp%2Fv2%2Fcomments&post=9835"}],"version-history":[{"count":0,"href":"https:\/\/www.fuldaernachrichten.de\/index.php?rest_route=\/wp\/v2\/posts\/9835\/revisions"}],"wp:attachment":[{"href":"https:\/\/www.fuldaernachrichten.de\/index.php?rest_route=%2Fwp%2Fv2%2Fmedia&parent=9835"}],"wp:term":[{"taxonomy":"category","embeddable":true,"href":"https:\/\/www.fuldaernachrichten.de\/index.php?rest_route=%2Fwp%2Fv2%2Fcategories&post=9835"},{"taxonomy":"post_tag","embeddable":true,"href":"https:\/\/www.fuldaernachrichten.de\/index.php?rest_route=%2Fwp%2Fv2%2Ftags&post=9835"}],"curies":[{"name":"wp","href":"https:\/\/api.w.org\/{rel}","templated":true}]}}